{"id":157495,"date":"2023-01-01T00:04:00","date_gmt":"2023-01-01T00:04:00","guid":{"rendered":"http:\/\/radiofenix.com.ar\/el-presidente-la-vicepresidenta-y-dirigentes-de-varios-sectores-saludaron-por-ano-nuevo\/"},"modified":"2023-01-01T00:04:00","modified_gmt":"2023-01-01T00:04:00","slug":"el-presidente-la-vicepresidenta-y-dirigentes-de-varios-sectores-saludaron-por-ano-nuevo","status":"publish","type":"post","link":"https:\/\/radiofenix.com.ar\/2023\/el-presidente-la-vicepresidenta-y-dirigentes-de-varios-sectores-saludaron-por-ano-nuevo\/","title":{"rendered":"El Presidente, la Vicepresidenta y dirigentes de varios sectores saludaron por A\u00f1o Nuevo"},"content":{"rendered":"<p>Alberto Fern\u00e1ndez, Cristina Fern\u00e1ndez de Kirchner, funcionarios, gobernadores y referentes pol\u00edticos saludaron a los argentinos con mensajes que difundieron en sus redes sociales y pidieron buenos deseos para 2023.Alberto Fern\u00e1ndez, Cristina Fern\u00e1ndez de Kirchner, funcionarios, gobernadores y referentes pol\u00edticos saludaron a los argentinos con mensajes que difundieron en sus redes sociales y pidieron buenos deseos para 2023.<\/p>\n","protected":false},"excerpt":{"rendered":"<p>Alberto Fern\u00e1ndez, Cristina Fern\u00e1ndez de Kirchner, funcionarios, gobernadores y referentes pol\u00edticos saludaron a los argentinos&#8230;<\/p>\n","protected":false},"author":2,"featured_media":157496,"comment_status":"open","ping_status":"open","sticky":false,"template":"","format":"standard","meta":{"footnotes":""},"categories":[2],"tags":[],"class_list":["post-157495","post","type-post","status-publish","format-standard","has-post-thumbnail","hentry","category-politica"],"featured_image_urls":{"full":"","thumbnail":"","medium":"","medium_large":"","large":"","1536x1536":"","2048x2048":"","newsium-slider-full":"","newsium-featured":"","newsium-medium":""},"author_info":{"info":["c1500921"]},"category_info":"<a href=\"https:\/\/radiofenix.com.ar\/2023\/category\/politica\/\" rel=\"category tag\">Pol\u00edtica<\/a>","tag_info":"Pol\u00edtica","comment_count":"0","_links":{"self":[{"href":"https:\/\/radiofenix.com.ar\/2023\/wp-json\/wp\/v2\/posts\/157495","targetHints":{"allow":["GET"]}}],"collection":[{"href":"https:\/\/radiofenix.com.ar\/2023\/wp-json\/wp\/v2\/posts"}],"about":[{"href":"https:\/\/radiofenix.com.ar\/2023\/wp-json\/wp\/v2\/types\/post"}],"author":[{"embeddable":true,"href":"https:\/\/radiofenix.com.ar\/2023\/wp-json\/wp\/v2\/users\/2"}],"replies":[{"embeddable":true,"href":"https:\/\/radiofenix.com.ar\/2023\/wp-json\/wp\/v2\/comments?post=157495"}],"version-history":[{"count":0,"href":"https:\/\/radiofenix.com.ar\/2023\/wp-json\/wp\/v2\/posts\/157495\/revisions"}],"wp:featuredmedia":[{"embeddable":true,"href":"https:\/\/radiofenix.com.ar\/2023\/wp-json\/"}],"wp:attachment":[{"href":"https:\/\/radiofenix.com.ar\/2023\/wp-json\/wp\/v2\/media?parent=157495"}],"wp:term":[{"taxonomy":"category","embeddable":true,"href":"https:\/\/radiofenix.com.ar\/2023\/wp-json\/wp\/v2\/categories?post=157495"},{"taxonomy":"post_tag","embeddable":true,"href":"https:\/\/radiofenix.com.ar\/2023\/wp-json\/wp\/v2\/tags?post=157495"}],"curies":[{"name":"wp","href":"https:\/\/api.w.org\/{rel}","templated":true}]}}