{"id":157501,"date":"2023-01-01T16:04:01","date_gmt":"2023-01-01T16:04:01","guid":{"rendered":"http:\/\/radiofenix.com.ar\/fernandez-ya-esta-en-brasil-para-la-asuncion-de-lula\/"},"modified":"2023-01-01T16:04:01","modified_gmt":"2023-01-01T16:04:01","slug":"fernandez-ya-esta-en-brasil-para-la-asuncion-de-lula","status":"publish","type":"post","link":"https:\/\/radiofenix.com.ar\/2023\/fernandez-ya-esta-en-brasil-para-la-asuncion-de-lula\/","title":{"rendered":"Fern\u00e1ndez ya est\u00e1 en Brasil para la asunci\u00f3n de Lula"},"content":{"rendered":"<p>El vuelo que traslada al Presidente rumbo a Brasilia parti\u00f3 por la ma\u00f1ana y retornar\u00e1 a Buenos Aires el mismo d\u00eda. La asunci\u00f3n del l\u00edder del Partido de los Trabajadores ser\u00e1 presenciada por delegaciones de unos 120 pa\u00edses y 17 jefes de Estado.El vuelo que traslada al Presidente rumbo a Brasilia parti\u00f3 por la ma\u00f1ana y retornar\u00e1 a Buenos Aires el mismo d\u00eda. La asunci\u00f3n del l\u00edder del Partido de los Trabajadores ser\u00e1 presenciada por delegaciones de unos 120 pa\u00edses y 17 jefes de Estado.<\/p>\n","protected":false},"excerpt":{"rendered":"<p>El vuelo que traslada al Presidente rumbo a Brasilia parti\u00f3 por la ma\u00f1ana y retornar\u00e1&#8230;<\/p>\n","protected":false},"author":2,"featured_media":157502,"comment_status":"open","ping_status":"open","sticky":false,"template":"","format":"standard","meta":{"footnotes":""},"categories":[2],"tags":[],"class_list":["post-157501","post","type-post","status-publish","format-standard","has-post-thumbnail","hentry","category-politica"],"featured_image_urls":{"full":"","thumbnail":"","medium":"","medium_large":"","large":"","1536x1536":"","2048x2048":"","newsium-slider-full":"","newsium-featured":"","newsium-medium":""},"author_info":{"info":["c1500921"]},"category_info":"<a href=\"https:\/\/radiofenix.com.ar\/2023\/category\/politica\/\" rel=\"category tag\">Pol\u00edtica<\/a>","tag_info":"Pol\u00edtica","comment_count":"0","_links":{"self":[{"href":"https:\/\/radiofenix.com.ar\/2023\/wp-json\/wp\/v2\/posts\/157501","targetHints":{"allow":["GET"]}}],"collection":[{"href":"https:\/\/radiofenix.com.ar\/2023\/wp-json\/wp\/v2\/posts"}],"about":[{"href":"https:\/\/radiofenix.com.ar\/2023\/wp-json\/wp\/v2\/types\/post"}],"author":[{"embeddable":true,"href":"https:\/\/radiofenix.com.ar\/2023\/wp-json\/wp\/v2\/users\/2"}],"replies":[{"embeddable":true,"href":"https:\/\/radiofenix.com.ar\/2023\/wp-json\/wp\/v2\/comments?post=157501"}],"version-history":[{"count":0,"href":"https:\/\/radiofenix.com.ar\/2023\/wp-json\/wp\/v2\/posts\/157501\/revisions"}],"wp:featuredmedia":[{"embeddable":true,"href":"https:\/\/radiofenix.com.ar\/2023\/wp-json\/"}],"wp:attachment":[{"href":"https:\/\/radiofenix.com.ar\/2023\/wp-json\/wp\/v2\/media?parent=157501"}],"wp:term":[{"taxonomy":"category","embeddable":true,"href":"https:\/\/radiofenix.com.ar\/2023\/wp-json\/wp\/v2\/categories?post=157501"},{"taxonomy":"post_tag","embeddable":true,"href":"https:\/\/radiofenix.com.ar\/2023\/wp-json\/wp\/v2\/tags?post=157501"}],"curies":[{"name":"wp","href":"https:\/\/api.w.org\/{rel}","templated":true}]}}