{"id":157525,"date":"2023-01-01T21:04:28","date_gmt":"2023-01-01T21:04:28","guid":{"rendered":"http:\/\/radiofenix.com.ar\/convocan-a-otra-marcha-a-lago-escondido-para-denunciar-un-enclave-britanico-mafioso\/"},"modified":"2023-01-01T21:04:28","modified_gmt":"2023-01-01T21:04:28","slug":"convocan-a-otra-marcha-a-lago-escondido-para-denunciar-un-enclave-britanico-mafioso","status":"publish","type":"post","link":"https:\/\/radiofenix.com.ar\/2023\/convocan-a-otra-marcha-a-lago-escondido-para-denunciar-un-enclave-britanico-mafioso\/","title":{"rendered":"Convocan a otra marcha a Lago Escondido para denunciar \u00abun enclave brit\u00e1nico mafioso\u00bb"},"content":{"rendered":"<p>\u00abLa lucha es para que estos caminos p\u00fablicos se habiliten\u00bb, asegur\u00f3\u00a0Julio C\u00e9sar Urien, el presidente de la Fundaci\u00f3n Interactiva para Promover la Cultura del Agua (Fipca), la organizaci\u00f3n que encabeza la marcha.\u00bbLa lucha es para que estos caminos p\u00fablicos se habiliten\u00bb, asegur\u00f3\u00a0Julio C\u00e9sar Urien, el presidente de la Fundaci\u00f3n Interactiva para Promover la Cultura del Agua (Fipca), la organizaci\u00f3n que encabeza la marcha.<\/p>\n","protected":false},"excerpt":{"rendered":"<p>\u00abLa lucha es para que estos caminos p\u00fablicos se habiliten\u00bb, asegur\u00f3\u00a0Julio C\u00e9sar Urien, el presidente&#8230;<\/p>\n","protected":false},"author":2,"featured_media":157526,"comment_status":"open","ping_status":"open","sticky":false,"template":"","format":"standard","meta":{"footnotes":""},"categories":[2],"tags":[],"class_list":["post-157525","post","type-post","status-publish","format-standard","has-post-thumbnail","hentry","category-politica"],"featured_image_urls":{"full":"","thumbnail":"","medium":"","medium_large":"","large":"","1536x1536":"","2048x2048":"","newsium-slider-full":"","newsium-featured":"","newsium-medium":""},"author_info":{"info":["c1500921"]},"category_info":"<a href=\"https:\/\/radiofenix.com.ar\/2023\/category\/politica\/\" rel=\"category tag\">Pol\u00edtica<\/a>","tag_info":"Pol\u00edtica","comment_count":"0","_links":{"self":[{"href":"https:\/\/radiofenix.com.ar\/2023\/wp-json\/wp\/v2\/posts\/157525","targetHints":{"allow":["GET"]}}],"collection":[{"href":"https:\/\/radiofenix.com.ar\/2023\/wp-json\/wp\/v2\/posts"}],"about":[{"href":"https:\/\/radiofenix.com.ar\/2023\/wp-json\/wp\/v2\/types\/post"}],"author":[{"embeddable":true,"href":"https:\/\/radiofenix.com.ar\/2023\/wp-json\/wp\/v2\/users\/2"}],"replies":[{"embeddable":true,"href":"https:\/\/radiofenix.com.ar\/2023\/wp-json\/wp\/v2\/comments?post=157525"}],"version-history":[{"count":0,"href":"https:\/\/radiofenix.com.ar\/2023\/wp-json\/wp\/v2\/posts\/157525\/revisions"}],"wp:featuredmedia":[{"embeddable":true,"href":"https:\/\/radiofenix.com.ar\/2023\/wp-json\/"}],"wp:attachment":[{"href":"https:\/\/radiofenix.com.ar\/2023\/wp-json\/wp\/v2\/media?parent=157525"}],"wp:term":[{"taxonomy":"category","embeddable":true,"href":"https:\/\/radiofenix.com.ar\/2023\/wp-json\/wp\/v2\/categories?post=157525"},{"taxonomy":"post_tag","embeddable":true,"href":"https:\/\/radiofenix.com.ar\/2023\/wp-json\/wp\/v2\/tags?post=157525"}],"curies":[{"name":"wp","href":"https:\/\/api.w.org\/{rel}","templated":true}]}}