{"id":157567,"date":"2023-01-02T12:04:39","date_gmt":"2023-01-02T12:04:39","guid":{"rendered":"http:\/\/radiofenix.com.ar\/lula-es-casi-el-peron-brasileno-peron-fue-el-unico-votado-tres-veces-presidente\/"},"modified":"2023-01-02T12:04:39","modified_gmt":"2023-01-02T12:04:39","slug":"lula-es-casi-el-peron-brasileno-peron-fue-el-unico-votado-tres-veces-presidente","status":"publish","type":"post","link":"https:\/\/radiofenix.com.ar\/2023\/lula-es-casi-el-peron-brasileno-peron-fue-el-unico-votado-tres-veces-presidente\/","title":{"rendered":"\u00abLula es casi el Per\u00f3n brasile\u00f1o, Per\u00f3n fue el \u00fanico votado tres veces presidente\u00bb"},"content":{"rendered":"<p>El mandatario argentino estuvo presente en la asunci\u00f3n del tercer mandato de Lula en Brasil. La reuni\u00f3n entre los presidentes la inform\u00f3 el canciller Santiago Cafiero, quien confirm\u00f3 la visita del flamante mandatario brasile\u00f1o para fines de mes.\u00a0El mandatario argentino estuvo presente en la asunci\u00f3n del tercer mandato de Lula en Brasil. La reuni\u00f3n entre los presidentes la inform\u00f3 el canciller Santiago Cafiero, quien confirm\u00f3 la visita del flamante mandatario brasile\u00f1o para fines de mes.\u00a0<\/p>\n","protected":false},"excerpt":{"rendered":"<p>El mandatario argentino estuvo presente en la asunci\u00f3n del tercer mandato de Lula en Brasil&#8230;.<\/p>\n","protected":false},"author":2,"featured_media":157568,"comment_status":"open","ping_status":"open","sticky":false,"template":"","format":"standard","meta":{"footnotes":""},"categories":[2],"tags":[],"class_list":["post-157567","post","type-post","status-publish","format-standard","has-post-thumbnail","hentry","category-politica"],"featured_image_urls":{"full":"","thumbnail":"","medium":"","medium_large":"","large":"","1536x1536":"","2048x2048":"","newsium-slider-full":"","newsium-featured":"","newsium-medium":""},"author_info":{"info":["c1500921"]},"category_info":"<a href=\"https:\/\/radiofenix.com.ar\/2023\/category\/politica\/\" rel=\"category tag\">Pol\u00edtica<\/a>","tag_info":"Pol\u00edtica","comment_count":"0","_links":{"self":[{"href":"https:\/\/radiofenix.com.ar\/2023\/wp-json\/wp\/v2\/posts\/157567","targetHints":{"allow":["GET"]}}],"collection":[{"href":"https:\/\/radiofenix.com.ar\/2023\/wp-json\/wp\/v2\/posts"}],"about":[{"href":"https:\/\/radiofenix.com.ar\/2023\/wp-json\/wp\/v2\/types\/post"}],"author":[{"embeddable":true,"href":"https:\/\/radiofenix.com.ar\/2023\/wp-json\/wp\/v2\/users\/2"}],"replies":[{"embeddable":true,"href":"https:\/\/radiofenix.com.ar\/2023\/wp-json\/wp\/v2\/comments?post=157567"}],"version-history":[{"count":0,"href":"https:\/\/radiofenix.com.ar\/2023\/wp-json\/wp\/v2\/posts\/157567\/revisions"}],"wp:featuredmedia":[{"embeddable":true,"href":"https:\/\/radiofenix.com.ar\/2023\/wp-json\/"}],"wp:attachment":[{"href":"https:\/\/radiofenix.com.ar\/2023\/wp-json\/wp\/v2\/media?parent=157567"}],"wp:term":[{"taxonomy":"category","embeddable":true,"href":"https:\/\/radiofenix.com.ar\/2023\/wp-json\/wp\/v2\/categories?post=157567"},{"taxonomy":"post_tag","embeddable":true,"href":"https:\/\/radiofenix.com.ar\/2023\/wp-json\/wp\/v2\/tags?post=157567"}],"curies":[{"name":"wp","href":"https:\/\/api.w.org\/{rel}","templated":true}]}}