{"id":157579,"date":"2023-01-02T16:04:06","date_gmt":"2023-01-02T16:04:06","guid":{"rendered":"http:\/\/radiofenix.com.ar\/cafiero-la-tension-la-genera-el-poder-judicial-cuando-avanza-sobre-los-otros-poderes\/"},"modified":"2023-01-02T16:04:06","modified_gmt":"2023-01-02T16:04:06","slug":"cafiero-la-tension-la-genera-el-poder-judicial-cuando-avanza-sobre-los-otros-poderes","status":"publish","type":"post","link":"https:\/\/radiofenix.com.ar\/2023\/cafiero-la-tension-la-genera-el-poder-judicial-cuando-avanza-sobre-los-otros-poderes\/","title":{"rendered":"Cafiero: \u00abLa tensi\u00f3n la genera el Poder Judicial cuando avanza sobre los otros poderes\u00bb"},"content":{"rendered":"<p>Consultado sobre la decisi\u00f3n de Alberto Fern\u00e1ndez de avanzar junto a gobernadores en un pedido de juicio pol\u00edtico contra el titular del m\u00e1ximo tribunal, Santiago Cafiero sostuvo que el tema \u00abfue parte de las conversaciones hacia adentro de la delegaci\u00f3n\u00bb\u00a0que viaj\u00f3 A Brasil.Consultado sobre la decisi\u00f3n de Alberto Fern\u00e1ndez de avanzar junto a gobernadores en un pedido de juicio pol\u00edtico contra el titular del m\u00e1ximo tribunal, Santiago Cafiero sostuvo que el tema \u00abfue parte de las conversaciones hacia adentro de la delegaci\u00f3n\u00bb\u00a0que viaj\u00f3 A Brasil.<\/p>\n","protected":false},"excerpt":{"rendered":"<p>Consultado sobre la decisi\u00f3n de Alberto Fern\u00e1ndez de avanzar junto a gobernadores en un pedido&#8230;<\/p>\n","protected":false},"author":2,"featured_media":157580,"comment_status":"open","ping_status":"open","sticky":false,"template":"","format":"standard","meta":{"footnotes":""},"categories":[2],"tags":[],"class_list":["post-157579","post","type-post","status-publish","format-standard","has-post-thumbnail","hentry","category-politica"],"featured_image_urls":{"full":"","thumbnail":"","medium":"","medium_large":"","large":"","1536x1536":"","2048x2048":"","newsium-slider-full":"","newsium-featured":"","newsium-medium":""},"author_info":{"info":["c1500921"]},"category_info":"<a href=\"https:\/\/radiofenix.com.ar\/2023\/category\/politica\/\" rel=\"category tag\">Pol\u00edtica<\/a>","tag_info":"Pol\u00edtica","comment_count":"0","_links":{"self":[{"href":"https:\/\/radiofenix.com.ar\/2023\/wp-json\/wp\/v2\/posts\/157579","targetHints":{"allow":["GET"]}}],"collection":[{"href":"https:\/\/radiofenix.com.ar\/2023\/wp-json\/wp\/v2\/posts"}],"about":[{"href":"https:\/\/radiofenix.com.ar\/2023\/wp-json\/wp\/v2\/types\/post"}],"author":[{"embeddable":true,"href":"https:\/\/radiofenix.com.ar\/2023\/wp-json\/wp\/v2\/users\/2"}],"replies":[{"embeddable":true,"href":"https:\/\/radiofenix.com.ar\/2023\/wp-json\/wp\/v2\/comments?post=157579"}],"version-history":[{"count":0,"href":"https:\/\/radiofenix.com.ar\/2023\/wp-json\/wp\/v2\/posts\/157579\/revisions"}],"wp:featuredmedia":[{"embeddable":true,"href":"https:\/\/radiofenix.com.ar\/2023\/wp-json\/"}],"wp:attachment":[{"href":"https:\/\/radiofenix.com.ar\/2023\/wp-json\/wp\/v2\/media?parent=157579"}],"wp:term":[{"taxonomy":"category","embeddable":true,"href":"https:\/\/radiofenix.com.ar\/2023\/wp-json\/wp\/v2\/categories?post=157579"},{"taxonomy":"post_tag","embeddable":true,"href":"https:\/\/radiofenix.com.ar\/2023\/wp-json\/wp\/v2\/tags?post=157579"}],"curies":[{"name":"wp","href":"https:\/\/api.w.org\/{rel}","templated":true}]}}