{"id":157599,"date":"2023-01-02T18:04:38","date_gmt":"2023-01-02T18:04:38","guid":{"rendered":"http:\/\/radiofenix.com.ar\/martin-soria-dijo-que-la-justicia-argentina-no-es-independiente-ni-imparcial\/"},"modified":"2023-01-02T18:04:38","modified_gmt":"2023-01-02T18:04:38","slug":"martin-soria-dijo-que-la-justicia-argentina-no-es-independiente-ni-imparcial","status":"publish","type":"post","link":"https:\/\/radiofenix.com.ar\/2023\/martin-soria-dijo-que-la-justicia-argentina-no-es-independiente-ni-imparcial\/","title":{"rendered":"Mart\u00edn Soria dijo que la justicia argentina \u00abno es independiente ni imparcial\u00bb"},"content":{"rendered":"<p>En declaraciones a T\u00e9lam, el funcionario sostuvo que \u00abla connivencia entre Juntos por el Cambio (JxC), la Corte Suprema, sectores de la Justicia federal y grandes medios de comunicaci\u00f3n lamentablemente no es ninguna novedad\u00bb. Apoy\u00f3 el juicio pol\u00edtico.En declaraciones a T\u00e9lam, el funcionario sostuvo que \u00abla connivencia entre Juntos por el Cambio (JxC), la Corte Suprema, sectores de la Justicia federal y grandes medios de comunicaci\u00f3n lamentablemente no es ninguna novedad\u00bb. Apoy\u00f3 el juicio pol\u00edtico.<\/p>\n","protected":false},"excerpt":{"rendered":"<p>En declaraciones a T\u00e9lam, el funcionario sostuvo que \u00abla connivencia entre Juntos por el Cambio&#8230;<\/p>\n","protected":false},"author":2,"featured_media":157600,"comment_status":"open","ping_status":"open","sticky":false,"template":"","format":"standard","meta":{"footnotes":""},"categories":[2],"tags":[],"class_list":["post-157599","post","type-post","status-publish","format-standard","has-post-thumbnail","hentry","category-politica"],"featured_image_urls":{"full":"","thumbnail":"","medium":"","medium_large":"","large":"","1536x1536":"","2048x2048":"","newsium-slider-full":"","newsium-featured":"","newsium-medium":""},"author_info":{"info":["c1500921"]},"category_info":"<a href=\"https:\/\/radiofenix.com.ar\/2023\/category\/politica\/\" rel=\"category tag\">Pol\u00edtica<\/a>","tag_info":"Pol\u00edtica","comment_count":"0","_links":{"self":[{"href":"https:\/\/radiofenix.com.ar\/2023\/wp-json\/wp\/v2\/posts\/157599","targetHints":{"allow":["GET"]}}],"collection":[{"href":"https:\/\/radiofenix.com.ar\/2023\/wp-json\/wp\/v2\/posts"}],"about":[{"href":"https:\/\/radiofenix.com.ar\/2023\/wp-json\/wp\/v2\/types\/post"}],"author":[{"embeddable":true,"href":"https:\/\/radiofenix.com.ar\/2023\/wp-json\/wp\/v2\/users\/2"}],"replies":[{"embeddable":true,"href":"https:\/\/radiofenix.com.ar\/2023\/wp-json\/wp\/v2\/comments?post=157599"}],"version-history":[{"count":0,"href":"https:\/\/radiofenix.com.ar\/2023\/wp-json\/wp\/v2\/posts\/157599\/revisions"}],"wp:featuredmedia":[{"embeddable":true,"href":"https:\/\/radiofenix.com.ar\/2023\/wp-json\/"}],"wp:attachment":[{"href":"https:\/\/radiofenix.com.ar\/2023\/wp-json\/wp\/v2\/media?parent=157599"}],"wp:term":[{"taxonomy":"category","embeddable":true,"href":"https:\/\/radiofenix.com.ar\/2023\/wp-json\/wp\/v2\/categories?post=157599"},{"taxonomy":"post_tag","embeddable":true,"href":"https:\/\/radiofenix.com.ar\/2023\/wp-json\/wp\/v2\/tags?post=157599"}],"curies":[{"name":"wp","href":"https:\/\/api.w.org\/{rel}","templated":true}]}}