{"id":157601,"date":"2023-01-02T18:04:39","date_gmt":"2023-01-02T18:04:39","guid":{"rendered":"http:\/\/radiofenix.com.ar\/segunda-etapa-del-dakar-andujar-cuarto-en-quads-y-benavides-octavo-en-motos\/"},"modified":"2023-01-02T18:04:39","modified_gmt":"2023-01-02T18:04:39","slug":"segunda-etapa-del-dakar-andujar-cuarto-en-quads-y-benavides-octavo-en-motos","status":"publish","type":"post","link":"https:\/\/radiofenix.com.ar\/2023\/segunda-etapa-del-dakar-andujar-cuarto-en-quads-y-benavides-octavo-en-motos\/","title":{"rendered":"Segunda etapa del Dakar: And\u00fajar, cuarto en quads, y Benavides, octavo en motos"},"content":{"rendered":"<p>En la tabla acumulada de la categor\u00eda, Manuel And\u00fajar se ubica en el segundo lugar a 7:28 de distancia de Alexandre Giroud, lo que anticipa un mano a mano entre los \u00faltimos dos campeones hasta el final de la competencia, el pr\u00f3ximo 15 de enero.<\/p>\n","protected":false},"excerpt":{"rendered":"<p>En la tabla acumulada de la categor\u00eda, Manuel And\u00fajar se ubica en el segundo lugar&#8230;<\/p>\n","protected":false},"author":2,"featured_media":157602,"comment_status":"open","ping_status":"open","sticky":false,"template":"","format":"standard","meta":{"footnotes":""},"categories":[3],"tags":[],"class_list":["post-157601","post","type-post","status-publish","format-standard","has-post-thumbnail","hentry","category-deportes"],"featured_image_urls":{"full":"","thumbnail":"","medium":"","medium_large":"","large":"","1536x1536":"","2048x2048":"","newsium-slider-full":"","newsium-featured":"","newsium-medium":""},"author_info":{"info":["c1500921"]},"category_info":"<a href=\"https:\/\/radiofenix.com.ar\/2023\/category\/deportes\/\" rel=\"category tag\">Deportes<\/a>","tag_info":"Deportes","comment_count":"0","_links":{"self":[{"href":"https:\/\/radiofenix.com.ar\/2023\/wp-json\/wp\/v2\/posts\/157601","targetHints":{"allow":["GET"]}}],"collection":[{"href":"https:\/\/radiofenix.com.ar\/2023\/wp-json\/wp\/v2\/posts"}],"about":[{"href":"https:\/\/radiofenix.com.ar\/2023\/wp-json\/wp\/v2\/types\/post"}],"author":[{"embeddable":true,"href":"https:\/\/radiofenix.com.ar\/2023\/wp-json\/wp\/v2\/users\/2"}],"replies":[{"embeddable":true,"href":"https:\/\/radiofenix.com.ar\/2023\/wp-json\/wp\/v2\/comments?post=157601"}],"version-history":[{"count":0,"href":"https:\/\/radiofenix.com.ar\/2023\/wp-json\/wp\/v2\/posts\/157601\/revisions"}],"wp:featuredmedia":[{"embeddable":true,"href":"https:\/\/radiofenix.com.ar\/2023\/wp-json\/"}],"wp:attachment":[{"href":"https:\/\/radiofenix.com.ar\/2023\/wp-json\/wp\/v2\/media?parent=157601"}],"wp:term":[{"taxonomy":"category","embeddable":true,"href":"https:\/\/radiofenix.com.ar\/2023\/wp-json\/wp\/v2\/categories?post=157601"},{"taxonomy":"post_tag","embeddable":true,"href":"https:\/\/radiofenix.com.ar\/2023\/wp-json\/wp\/v2\/tags?post=157601"}],"curies":[{"name":"wp","href":"https:\/\/api.w.org\/{rel}","templated":true}]}}