{"id":157689,"date":"2023-01-03T17:04:20","date_gmt":"2023-01-03T17:04:20","guid":{"rendered":"http:\/\/radiofenix.com.ar\/la-gran-mayoria-de-gobernadores-del-fdt-va-a-apoyar-el-pedido-de-juicio-politico\/"},"modified":"2023-01-03T17:04:20","modified_gmt":"2023-01-03T17:04:20","slug":"la-gran-mayoria-de-gobernadores-del-fdt-va-a-apoyar-el-pedido-de-juicio-politico","status":"publish","type":"post","link":"https:\/\/radiofenix.com.ar\/2023\/la-gran-mayoria-de-gobernadores-del-fdt-va-a-apoyar-el-pedido-de-juicio-politico\/","title":{"rendered":"\u00abLa gran mayor\u00eda de gobernadores del FdT va a apoyar el pedido de juicio pol\u00edtico\u00bb"},"content":{"rendered":"<p>Ante la inminente reuni\u00f3n del Presidente con los gobernadores, el jefe de asesores del Gobierno de la provincia de Buenos Aires, Carlos Bianco, se\u00f1al\u00f3 que los mandatarios del Frente de Todos en su mayor\u00eda apoyar\u00e1n el pedido de juicio pol\u00edtico contra el titular del m\u00e1ximo tribunal, Horacio Rosatti.Ante la inminente reuni\u00f3n del Presidente con los gobernadores, el jefe de asesores del Gobierno de la provincia de Buenos Aires, Carlos Bianco, se\u00f1al\u00f3 que los mandatarios del Frente de Todos en su mayor\u00eda apoyar\u00e1n el pedido de juicio pol\u00edtico contra el titular del m\u00e1ximo tribunal, Horacio Rosatti.<\/p>\n","protected":false},"excerpt":{"rendered":"<p>Ante la inminente reuni\u00f3n del Presidente con los gobernadores, el jefe de asesores del Gobierno&#8230;<\/p>\n","protected":false},"author":2,"featured_media":157690,"comment_status":"open","ping_status":"open","sticky":false,"template":"","format":"standard","meta":{"footnotes":""},"categories":[2],"tags":[],"class_list":["post-157689","post","type-post","status-publish","format-standard","has-post-thumbnail","hentry","category-politica"],"featured_image_urls":{"full":"","thumbnail":"","medium":"","medium_large":"","large":"","1536x1536":"","2048x2048":"","newsium-slider-full":"","newsium-featured":"","newsium-medium":""},"author_info":{"info":["c1500921"]},"category_info":"<a href=\"https:\/\/radiofenix.com.ar\/2023\/category\/politica\/\" rel=\"category tag\">Pol\u00edtica<\/a>","tag_info":"Pol\u00edtica","comment_count":"0","_links":{"self":[{"href":"https:\/\/radiofenix.com.ar\/2023\/wp-json\/wp\/v2\/posts\/157689","targetHints":{"allow":["GET"]}}],"collection":[{"href":"https:\/\/radiofenix.com.ar\/2023\/wp-json\/wp\/v2\/posts"}],"about":[{"href":"https:\/\/radiofenix.com.ar\/2023\/wp-json\/wp\/v2\/types\/post"}],"author":[{"embeddable":true,"href":"https:\/\/radiofenix.com.ar\/2023\/wp-json\/wp\/v2\/users\/2"}],"replies":[{"embeddable":true,"href":"https:\/\/radiofenix.com.ar\/2023\/wp-json\/wp\/v2\/comments?post=157689"}],"version-history":[{"count":0,"href":"https:\/\/radiofenix.com.ar\/2023\/wp-json\/wp\/v2\/posts\/157689\/revisions"}],"wp:featuredmedia":[{"embeddable":true,"href":"https:\/\/radiofenix.com.ar\/2023\/wp-json\/"}],"wp:attachment":[{"href":"https:\/\/radiofenix.com.ar\/2023\/wp-json\/wp\/v2\/media?parent=157689"}],"wp:term":[{"taxonomy":"category","embeddable":true,"href":"https:\/\/radiofenix.com.ar\/2023\/wp-json\/wp\/v2\/categories?post=157689"},{"taxonomy":"post_tag","embeddable":true,"href":"https:\/\/radiofenix.com.ar\/2023\/wp-json\/wp\/v2\/tags?post=157689"}],"curies":[{"name":"wp","href":"https:\/\/api.w.org\/{rel}","templated":true}]}}