{"id":157899,"date":"2023-01-04T22:04:12","date_gmt":"2023-01-04T22:04:12","guid":{"rendered":"http:\/\/radiofenix.com.ar\/rodriguez-larreta-ratifica-que-todo-jxc-se-opondra-al-juicio-politico-a-la-corte\/"},"modified":"2023-01-04T22:04:12","modified_gmt":"2023-01-04T22:04:12","slug":"rodriguez-larreta-ratifica-que-todo-jxc-se-opondra-al-juicio-politico-a-la-corte","status":"publish","type":"post","link":"https:\/\/radiofenix.com.ar\/2023\/rodriguez-larreta-ratifica-que-todo-jxc-se-opondra-al-juicio-politico-a-la-corte\/","title":{"rendered":"Rodr\u00edguez Larreta ratifica que todo JxC se opondr\u00e1 al juicio pol\u00edtico a la Corte"},"content":{"rendered":"<p>El mandatario tambi\u00e9n reiter\u00f3 su apoyo al ministro de Seguridad y Justicia de la Ciudad de Buenos Aires, Marcelo D&#039;Alessandro, quien este martes anunci\u00f3 que tomar\u00e1 licencia luego de filtrarse chats que lo vinculan a Silvio Robles, funcionario cercano al titular del m\u00e1ximo tribunal, Horacio Rosatti.El mandatario tambi\u00e9n reiter\u00f3 su apoyo al ministro de Seguridad y Justicia de la Ciudad de Buenos Aires, Marcelo D&#039;Alessandro, quien este martes anunci\u00f3 que tomar\u00e1 licencia luego de filtrarse chats que lo vinculan a Silvio Robles, funcionario cercano al titular del m\u00e1ximo tribunal, Horacio Rosatti.<\/p>\n","protected":false},"excerpt":{"rendered":"<p>El mandatario tambi\u00e9n reiter\u00f3 su apoyo al ministro de Seguridad y Justicia de la Ciudad&#8230;<\/p>\n","protected":false},"author":2,"featured_media":157900,"comment_status":"open","ping_status":"open","sticky":false,"template":"","format":"standard","meta":{"footnotes":""},"categories":[2],"tags":[],"class_list":["post-157899","post","type-post","status-publish","format-standard","has-post-thumbnail","hentry","category-politica"],"featured_image_urls":{"full":"","thumbnail":"","medium":"","medium_large":"","large":"","1536x1536":"","2048x2048":"","newsium-slider-full":"","newsium-featured":"","newsium-medium":""},"author_info":{"info":["c1500921"]},"category_info":"<a href=\"https:\/\/radiofenix.com.ar\/2023\/category\/politica\/\" rel=\"category tag\">Pol\u00edtica<\/a>","tag_info":"Pol\u00edtica","comment_count":"0","_links":{"self":[{"href":"https:\/\/radiofenix.com.ar\/2023\/wp-json\/wp\/v2\/posts\/157899","targetHints":{"allow":["GET"]}}],"collection":[{"href":"https:\/\/radiofenix.com.ar\/2023\/wp-json\/wp\/v2\/posts"}],"about":[{"href":"https:\/\/radiofenix.com.ar\/2023\/wp-json\/wp\/v2\/types\/post"}],"author":[{"embeddable":true,"href":"https:\/\/radiofenix.com.ar\/2023\/wp-json\/wp\/v2\/users\/2"}],"replies":[{"embeddable":true,"href":"https:\/\/radiofenix.com.ar\/2023\/wp-json\/wp\/v2\/comments?post=157899"}],"version-history":[{"count":0,"href":"https:\/\/radiofenix.com.ar\/2023\/wp-json\/wp\/v2\/posts\/157899\/revisions"}],"wp:featuredmedia":[{"embeddable":true,"href":"https:\/\/radiofenix.com.ar\/2023\/wp-json\/"}],"wp:attachment":[{"href":"https:\/\/radiofenix.com.ar\/2023\/wp-json\/wp\/v2\/media?parent=157899"}],"wp:term":[{"taxonomy":"category","embeddable":true,"href":"https:\/\/radiofenix.com.ar\/2023\/wp-json\/wp\/v2\/categories?post=157899"},{"taxonomy":"post_tag","embeddable":true,"href":"https:\/\/radiofenix.com.ar\/2023\/wp-json\/wp\/v2\/tags?post=157899"}],"curies":[{"name":"wp","href":"https:\/\/api.w.org\/{rel}","templated":true}]}}