{"id":157919,"date":"2023-01-05T00:04:05","date_gmt":"2023-01-05T00:04:05","guid":{"rendered":"http:\/\/radiofenix.com.ar\/argentina-oficializo-la-postulacion-de-armas-pfirter-para-el-tribunal-del-derecho-del-mar\/"},"modified":"2023-01-05T00:04:05","modified_gmt":"2023-01-05T00:04:05","slug":"argentina-oficializo-la-postulacion-de-armas-pfirter-para-el-tribunal-del-derecho-del-mar","status":"publish","type":"post","link":"https:\/\/radiofenix.com.ar\/2023\/argentina-oficializo-la-postulacion-de-armas-pfirter-para-el-tribunal-del-derecho-del-mar\/","title":{"rendered":"Argentina oficializ\u00f3 la postulaci\u00f3n de Armas Pfirter para el Tribunal del Derecho del Mar"},"content":{"rendered":"<p>La presentaci\u00f3n de la candidatura se efectu\u00f3 en el marco de los Art\u00edculos 2\u00b0 y 3\u00b0 del Estatuto del Tribunal para las elecciones que tendr\u00e1n lugar el pr\u00f3ximo junio en Naciones Unidas, en la ciudad de Nueva York.La presentaci\u00f3n de la candidatura se efectu\u00f3 en el marco de los Art\u00edculos 2\u00b0 y 3\u00b0 del Estatuto del Tribunal para las elecciones que tendr\u00e1n lugar el pr\u00f3ximo junio en Naciones Unidas, en la ciudad de Nueva York.<\/p>\n","protected":false},"excerpt":{"rendered":"<p>La presentaci\u00f3n de la candidatura se efectu\u00f3 en el marco de los Art\u00edculos 2\u00b0 y&#8230;<\/p>\n","protected":false},"author":2,"featured_media":157920,"comment_status":"open","ping_status":"open","sticky":false,"template":"","format":"standard","meta":{"footnotes":""},"categories":[2],"tags":[],"class_list":["post-157919","post","type-post","status-publish","format-standard","has-post-thumbnail","hentry","category-politica"],"featured_image_urls":{"full":"","thumbnail":"","medium":"","medium_large":"","large":"","1536x1536":"","2048x2048":"","newsium-slider-full":"","newsium-featured":"","newsium-medium":""},"author_info":{"info":["c1500921"]},"category_info":"<a href=\"https:\/\/radiofenix.com.ar\/2023\/category\/politica\/\" rel=\"category tag\">Pol\u00edtica<\/a>","tag_info":"Pol\u00edtica","comment_count":"0","_links":{"self":[{"href":"https:\/\/radiofenix.com.ar\/2023\/wp-json\/wp\/v2\/posts\/157919","targetHints":{"allow":["GET"]}}],"collection":[{"href":"https:\/\/radiofenix.com.ar\/2023\/wp-json\/wp\/v2\/posts"}],"about":[{"href":"https:\/\/radiofenix.com.ar\/2023\/wp-json\/wp\/v2\/types\/post"}],"author":[{"embeddable":true,"href":"https:\/\/radiofenix.com.ar\/2023\/wp-json\/wp\/v2\/users\/2"}],"replies":[{"embeddable":true,"href":"https:\/\/radiofenix.com.ar\/2023\/wp-json\/wp\/v2\/comments?post=157919"}],"version-history":[{"count":0,"href":"https:\/\/radiofenix.com.ar\/2023\/wp-json\/wp\/v2\/posts\/157919\/revisions"}],"wp:featuredmedia":[{"embeddable":true,"href":"https:\/\/radiofenix.com.ar\/2023\/wp-json\/"}],"wp:attachment":[{"href":"https:\/\/radiofenix.com.ar\/2023\/wp-json\/wp\/v2\/media?parent=157919"}],"wp:term":[{"taxonomy":"category","embeddable":true,"href":"https:\/\/radiofenix.com.ar\/2023\/wp-json\/wp\/v2\/categories?post=157919"},{"taxonomy":"post_tag","embeddable":true,"href":"https:\/\/radiofenix.com.ar\/2023\/wp-json\/wp\/v2\/tags?post=157919"}],"curies":[{"name":"wp","href":"https:\/\/api.w.org\/{rel}","templated":true}]}}