{"id":157921,"date":"2023-01-05T00:04:06","date_gmt":"2023-01-05T00:04:06","guid":{"rendered":"http:\/\/radiofenix.com.ar\/el-presidente-entrego-a-diputados-el-pedido-de-juicio-politico-a-la-corte-2\/"},"modified":"2023-01-05T00:04:06","modified_gmt":"2023-01-05T00:04:06","slug":"el-presidente-entrego-a-diputados-el-pedido-de-juicio-politico-a-la-corte-2","status":"publish","type":"post","link":"https:\/\/radiofenix.com.ar\/2023\/el-presidente-entrego-a-diputados-el-pedido-de-juicio-politico-a-la-corte-2\/","title":{"rendered":"El Presidente entreg\u00f3 a Diputados el pedido de juicio pol\u00edtico a la Corte"},"content":{"rendered":"<p>Alberto Fern\u00e1ndez se reuni\u00f3 con el presidente del Bloque de Diputados del Frente de Todos, Germ\u00e1n Mart\u00ednez; y a la diputada Carolina Gaillard, presidenta de la Comisi\u00f3n de Juicio Pol\u00edtico.Alberto Fern\u00e1ndez se reuni\u00f3 con el presidente del Bloque de Diputados del Frente de Todos, Germ\u00e1n Mart\u00ednez; y a la diputada Carolina Gaillard, presidenta de la Comisi\u00f3n de Juicio Pol\u00edtico.<\/p>\n","protected":false},"excerpt":{"rendered":"<p>Alberto Fern\u00e1ndez se reuni\u00f3 con el presidente del Bloque de Diputados del Frente de Todos,&#8230;<\/p>\n","protected":false},"author":2,"featured_media":157922,"comment_status":"open","ping_status":"open","sticky":false,"template":"","format":"standard","meta":{"footnotes":""},"categories":[2],"tags":[],"class_list":["post-157921","post","type-post","status-publish","format-standard","has-post-thumbnail","hentry","category-politica"],"featured_image_urls":{"full":"","thumbnail":"","medium":"","medium_large":"","large":"","1536x1536":"","2048x2048":"","newsium-slider-full":"","newsium-featured":"","newsium-medium":""},"author_info":{"info":["c1500921"]},"category_info":"<a href=\"https:\/\/radiofenix.com.ar\/2023\/category\/politica\/\" rel=\"category tag\">Pol\u00edtica<\/a>","tag_info":"Pol\u00edtica","comment_count":"0","_links":{"self":[{"href":"https:\/\/radiofenix.com.ar\/2023\/wp-json\/wp\/v2\/posts\/157921","targetHints":{"allow":["GET"]}}],"collection":[{"href":"https:\/\/radiofenix.com.ar\/2023\/wp-json\/wp\/v2\/posts"}],"about":[{"href":"https:\/\/radiofenix.com.ar\/2023\/wp-json\/wp\/v2\/types\/post"}],"author":[{"embeddable":true,"href":"https:\/\/radiofenix.com.ar\/2023\/wp-json\/wp\/v2\/users\/2"}],"replies":[{"embeddable":true,"href":"https:\/\/radiofenix.com.ar\/2023\/wp-json\/wp\/v2\/comments?post=157921"}],"version-history":[{"count":0,"href":"https:\/\/radiofenix.com.ar\/2023\/wp-json\/wp\/v2\/posts\/157921\/revisions"}],"wp:featuredmedia":[{"embeddable":true,"href":"https:\/\/radiofenix.com.ar\/2023\/wp-json\/"}],"wp:attachment":[{"href":"https:\/\/radiofenix.com.ar\/2023\/wp-json\/wp\/v2\/media?parent=157921"}],"wp:term":[{"taxonomy":"category","embeddable":true,"href":"https:\/\/radiofenix.com.ar\/2023\/wp-json\/wp\/v2\/categories?post=157921"},{"taxonomy":"post_tag","embeddable":true,"href":"https:\/\/radiofenix.com.ar\/2023\/wp-json\/wp\/v2\/tags?post=157921"}],"curies":[{"name":"wp","href":"https:\/\/api.w.org\/{rel}","templated":true}]}}