{"id":157925,"date":"2023-01-05T00:47:00","date_gmt":"2023-01-05T00:47:00","guid":{"rendered":"http:\/\/radiofenix.com.ar\/se-realizara-la-34a-edicion-de-la-fiesta-nacional-de-la-calle-angosta-en-san-luis-2\/"},"modified":"2023-01-05T00:47:00","modified_gmt":"2023-01-05T00:47:00","slug":"se-realizara-la-34a-edicion-de-la-fiesta-nacional-de-la-calle-angosta-en-san-luis-2","status":"publish","type":"post","link":"https:\/\/radiofenix.com.ar\/2023\/se-realizara-la-34a-edicion-de-la-fiesta-nacional-de-la-calle-angosta-en-san-luis-2\/","title":{"rendered":"Se realizar\u00e1 la 34\u00aa edici\u00f3n de la Fiesta Nacional de la Calle Angosta en San Luis"},"content":{"rendered":"<p>Se desarrollar\u00e1 del 26 al 29 de enero en Villa Mercedes, a 90 kil\u00f3metros de la capital puntana, celebraci\u00f3n que re\u00fane folclore, con artistas como Soedad Pastorutti, Nahuel Pennisi , Destno San Javier y Los Nocheros entre m\u00e1s, gastronom\u00eda y artesan\u00edas.Se desarrollar\u00e1 del 26 al 29 de enero en Villa Mercedes, a 90 kil\u00f3metros de la capital puntana, celebraci\u00f3n que re\u00fane folclore, con artistas como Soedad Pastorutti, Nahuel Pennisi , Destno San Javier y Los Nocheros entre m\u00e1s, gastronom\u00eda y artesan\u00edas.<\/p>\n","protected":false},"excerpt":{"rendered":"<p>Se desarrollar\u00e1 del 26 al 29 de enero en Villa Mercedes, a 90 kil\u00f3metros de&#8230;<\/p>\n","protected":false},"author":2,"featured_media":157926,"comment_status":"open","ping_status":"open","sticky":false,"template":"","format":"standard","meta":{"footnotes":""},"categories":[4],"tags":[],"class_list":["post-157925","post","type-post","status-publish","format-standard","has-post-thumbnail","hentry","category-espectaculos"],"featured_image_urls":{"full":"","thumbnail":"","medium":"","medium_large":"","large":"","1536x1536":"","2048x2048":"","newsium-slider-full":"","newsium-featured":"","newsium-medium":""},"author_info":{"info":["c1500921"]},"category_info":"<a href=\"https:\/\/radiofenix.com.ar\/2023\/category\/espectaculos\/\" rel=\"category tag\">Espectaculos<\/a>","tag_info":"Espectaculos","comment_count":"0","_links":{"self":[{"href":"https:\/\/radiofenix.com.ar\/2023\/wp-json\/wp\/v2\/posts\/157925","targetHints":{"allow":["GET"]}}],"collection":[{"href":"https:\/\/radiofenix.com.ar\/2023\/wp-json\/wp\/v2\/posts"}],"about":[{"href":"https:\/\/radiofenix.com.ar\/2023\/wp-json\/wp\/v2\/types\/post"}],"author":[{"embeddable":true,"href":"https:\/\/radiofenix.com.ar\/2023\/wp-json\/wp\/v2\/users\/2"}],"replies":[{"embeddable":true,"href":"https:\/\/radiofenix.com.ar\/2023\/wp-json\/wp\/v2\/comments?post=157925"}],"version-history":[{"count":0,"href":"https:\/\/radiofenix.com.ar\/2023\/wp-json\/wp\/v2\/posts\/157925\/revisions"}],"wp:featuredmedia":[{"embeddable":true,"href":"https:\/\/radiofenix.com.ar\/2023\/wp-json\/"}],"wp:attachment":[{"href":"https:\/\/radiofenix.com.ar\/2023\/wp-json\/wp\/v2\/media?parent=157925"}],"wp:term":[{"taxonomy":"category","embeddable":true,"href":"https:\/\/radiofenix.com.ar\/2023\/wp-json\/wp\/v2\/categories?post=157925"},{"taxonomy":"post_tag","embeddable":true,"href":"https:\/\/radiofenix.com.ar\/2023\/wp-json\/wp\/v2\/tags?post=157925"}],"curies":[{"name":"wp","href":"https:\/\/api.w.org\/{rel}","templated":true}]}}