{"id":157929,"date":"2023-01-05T00:26:00","date_gmt":"2023-01-05T00:26:00","guid":{"rendered":"http:\/\/radiofenix.com.ar\/tarantino-ana-de-armas-y-jamie-lee-curtis-entre-los-presentadores-de-los-globos-de-oro\/"},"modified":"2023-01-05T00:26:00","modified_gmt":"2023-01-05T00:26:00","slug":"tarantino-ana-de-armas-y-jamie-lee-curtis-entre-los-presentadores-de-los-globos-de-oro","status":"publish","type":"post","link":"https:\/\/radiofenix.com.ar\/2023\/tarantino-ana-de-armas-y-jamie-lee-curtis-entre-los-presentadores-de-los-globos-de-oro\/","title":{"rendered":"Tarantino, Ana de Armas y Jamie Lee Curtis, entre los presentadores de los Globos de Oro"},"content":{"rendered":"<p>Son algunas de las figuras que conducir\u00e1n la entrega n\u00famero 80 de los lauros que volver\u00e1n a realizarse tras un boicot de la industria audiovisual norteamericana en 2022 por acusaciones de corrupci\u00f3n y falta de diversidad entre sus miembros.Son algunas de las figuras que conducir\u00e1n la entrega n\u00famero 80 de los lauros que volver\u00e1n a realizarse tras un boicot de la industria audiovisual norteamericana en 2022 por acusaciones de corrupci\u00f3n y falta de diversidad entre sus miembros.<\/p>\n","protected":false},"excerpt":{"rendered":"<p>Son algunas de las figuras que conducir\u00e1n la entrega n\u00famero 80 de los lauros que&#8230;<\/p>\n","protected":false},"author":2,"featured_media":157930,"comment_status":"open","ping_status":"open","sticky":false,"template":"","format":"standard","meta":{"footnotes":""},"categories":[4],"tags":[],"class_list":["post-157929","post","type-post","status-publish","format-standard","has-post-thumbnail","hentry","category-espectaculos"],"featured_image_urls":{"full":"","thumbnail":"","medium":"","medium_large":"","large":"","1536x1536":"","2048x2048":"","newsium-slider-full":"","newsium-featured":"","newsium-medium":""},"author_info":{"info":["c1500921"]},"category_info":"<a href=\"https:\/\/radiofenix.com.ar\/2023\/category\/espectaculos\/\" rel=\"category tag\">Espectaculos<\/a>","tag_info":"Espectaculos","comment_count":"0","_links":{"self":[{"href":"https:\/\/radiofenix.com.ar\/2023\/wp-json\/wp\/v2\/posts\/157929","targetHints":{"allow":["GET"]}}],"collection":[{"href":"https:\/\/radiofenix.com.ar\/2023\/wp-json\/wp\/v2\/posts"}],"about":[{"href":"https:\/\/radiofenix.com.ar\/2023\/wp-json\/wp\/v2\/types\/post"}],"author":[{"embeddable":true,"href":"https:\/\/radiofenix.com.ar\/2023\/wp-json\/wp\/v2\/users\/2"}],"replies":[{"embeddable":true,"href":"https:\/\/radiofenix.com.ar\/2023\/wp-json\/wp\/v2\/comments?post=157929"}],"version-history":[{"count":0,"href":"https:\/\/radiofenix.com.ar\/2023\/wp-json\/wp\/v2\/posts\/157929\/revisions"}],"wp:featuredmedia":[{"embeddable":true,"href":"https:\/\/radiofenix.com.ar\/2023\/wp-json\/"}],"wp:attachment":[{"href":"https:\/\/radiofenix.com.ar\/2023\/wp-json\/wp\/v2\/media?parent=157929"}],"wp:term":[{"taxonomy":"category","embeddable":true,"href":"https:\/\/radiofenix.com.ar\/2023\/wp-json\/wp\/v2\/categories?post=157929"},{"taxonomy":"post_tag","embeddable":true,"href":"https:\/\/radiofenix.com.ar\/2023\/wp-json\/wp\/v2\/tags?post=157929"}],"curies":[{"name":"wp","href":"https:\/\/api.w.org\/{rel}","templated":true}]}}