{"id":157935,"date":"2023-01-05T01:19:00","date_gmt":"2023-01-05T01:19:00","guid":{"rendered":"http:\/\/radiofenix.com.ar\/el-estrangulador-de-boston-con-keira-knightley-y-carrie-coon-llega-el-17-de-marzo\/"},"modified":"2023-01-05T01:19:00","modified_gmt":"2023-01-05T01:19:00","slug":"el-estrangulador-de-boston-con-keira-knightley-y-carrie-coon-llega-el-17-de-marzo","status":"publish","type":"post","link":"https:\/\/radiofenix.com.ar\/2023\/el-estrangulador-de-boston-con-keira-knightley-y-carrie-coon-llega-el-17-de-marzo\/","title":{"rendered":"\u00abEl estrangulador de Boston\u00bb, con Keira Knightley y Carrie Coon, llega el 17 de marzo"},"content":{"rendered":"<p>El thriller del cineasta Matt Ruskin acerca del d\u00fao de periodistas estadounidenses que en la d\u00e9cada del 60 investigaron y dieron a conocer el caso de Albert DeSalvo, abusador sexual y confeso asesino de al menos trece mujeres, se ver\u00e1 por Star+.El thriller del cineasta Matt Ruskin acerca del d\u00fao de periodistas estadounidenses que en la d\u00e9cada del 60 investigaron y dieron a conocer el caso de Albert DeSalvo, abusador sexual y confeso asesino de al menos trece mujeres, se ver\u00e1 por Star+.<\/p>\n","protected":false},"excerpt":{"rendered":"<p>El thriller del cineasta Matt Ruskin acerca del d\u00fao de periodistas estadounidenses que en la&#8230;<\/p>\n","protected":false},"author":2,"featured_media":157936,"comment_status":"open","ping_status":"open","sticky":false,"template":"","format":"standard","meta":{"footnotes":""},"categories":[4],"tags":[],"class_list":["post-157935","post","type-post","status-publish","format-standard","has-post-thumbnail","hentry","category-espectaculos"],"featured_image_urls":{"full":"","thumbnail":"","medium":"","medium_large":"","large":"","1536x1536":"","2048x2048":"","newsium-slider-full":"","newsium-featured":"","newsium-medium":""},"author_info":{"info":["c1500921"]},"category_info":"<a href=\"https:\/\/radiofenix.com.ar\/2023\/category\/espectaculos\/\" rel=\"category tag\">Espectaculos<\/a>","tag_info":"Espectaculos","comment_count":"0","_links":{"self":[{"href":"https:\/\/radiofenix.com.ar\/2023\/wp-json\/wp\/v2\/posts\/157935","targetHints":{"allow":["GET"]}}],"collection":[{"href":"https:\/\/radiofenix.com.ar\/2023\/wp-json\/wp\/v2\/posts"}],"about":[{"href":"https:\/\/radiofenix.com.ar\/2023\/wp-json\/wp\/v2\/types\/post"}],"author":[{"embeddable":true,"href":"https:\/\/radiofenix.com.ar\/2023\/wp-json\/wp\/v2\/users\/2"}],"replies":[{"embeddable":true,"href":"https:\/\/radiofenix.com.ar\/2023\/wp-json\/wp\/v2\/comments?post=157935"}],"version-history":[{"count":0,"href":"https:\/\/radiofenix.com.ar\/2023\/wp-json\/wp\/v2\/posts\/157935\/revisions"}],"wp:featuredmedia":[{"embeddable":true,"href":"https:\/\/radiofenix.com.ar\/2023\/wp-json\/"}],"wp:attachment":[{"href":"https:\/\/radiofenix.com.ar\/2023\/wp-json\/wp\/v2\/media?parent=157935"}],"wp:term":[{"taxonomy":"category","embeddable":true,"href":"https:\/\/radiofenix.com.ar\/2023\/wp-json\/wp\/v2\/categories?post=157935"},{"taxonomy":"post_tag","embeddable":true,"href":"https:\/\/radiofenix.com.ar\/2023\/wp-json\/wp\/v2\/tags?post=157935"}],"curies":[{"name":"wp","href":"https:\/\/api.w.org\/{rel}","templated":true}]}}