{"id":157941,"date":"2023-01-05T03:04:40","date_gmt":"2023-01-05T03:04:40","guid":{"rendered":"http:\/\/radiofenix.com.ar\/boca-y-una-preocupacion-central-figal-se-lesiono-y-ya-casi-no-tiene-zagueros-disponibles\/"},"modified":"2023-01-05T03:04:40","modified_gmt":"2023-01-05T03:04:40","slug":"boca-y-una-preocupacion-central-figal-se-lesiono-y-ya-casi-no-tiene-zagueros-disponibles","status":"publish","type":"post","link":"https:\/\/radiofenix.com.ar\/2023\/boca-y-una-preocupacion-central-figal-se-lesiono-y-ya-casi-no-tiene-zagueros-disponibles\/","title":{"rendered":"Boca y una preocupaci\u00f3n central: Figal se lesion\u00f3 y ya casi no tiene zagueros disponibles"},"content":{"rendered":"<p>El defensor sufri\u00f3 una lesi\u00f3n muscular en el entrenamiento y ahora Hugo Ibarra solo tiene dos marcadores centrales disponibles ante la resici\u00f3n del contrato de Zambrano, la sobrecarga muscular de Aranda y la recuperaci\u00f3n la intervenci\u00f3n de ligamentos cruzados de Marcos Rojo.<\/p>\n","protected":false},"excerpt":{"rendered":"<p>El defensor sufri\u00f3 una lesi\u00f3n muscular en el entrenamiento y ahora Hugo Ibarra solo tiene&#8230;<\/p>\n","protected":false},"author":2,"featured_media":157942,"comment_status":"open","ping_status":"open","sticky":false,"template":"","format":"standard","meta":{"footnotes":""},"categories":[3],"tags":[],"class_list":["post-157941","post","type-post","status-publish","format-standard","has-post-thumbnail","hentry","category-deportes"],"featured_image_urls":{"full":"","thumbnail":"","medium":"","medium_large":"","large":"","1536x1536":"","2048x2048":"","newsium-slider-full":"","newsium-featured":"","newsium-medium":""},"author_info":{"info":["c1500921"]},"category_info":"<a href=\"https:\/\/radiofenix.com.ar\/2023\/category\/deportes\/\" rel=\"category tag\">Deportes<\/a>","tag_info":"Deportes","comment_count":"0","_links":{"self":[{"href":"https:\/\/radiofenix.com.ar\/2023\/wp-json\/wp\/v2\/posts\/157941","targetHints":{"allow":["GET"]}}],"collection":[{"href":"https:\/\/radiofenix.com.ar\/2023\/wp-json\/wp\/v2\/posts"}],"about":[{"href":"https:\/\/radiofenix.com.ar\/2023\/wp-json\/wp\/v2\/types\/post"}],"author":[{"embeddable":true,"href":"https:\/\/radiofenix.com.ar\/2023\/wp-json\/wp\/v2\/users\/2"}],"replies":[{"embeddable":true,"href":"https:\/\/radiofenix.com.ar\/2023\/wp-json\/wp\/v2\/comments?post=157941"}],"version-history":[{"count":0,"href":"https:\/\/radiofenix.com.ar\/2023\/wp-json\/wp\/v2\/posts\/157941\/revisions"}],"wp:featuredmedia":[{"embeddable":true,"href":"https:\/\/radiofenix.com.ar\/2023\/wp-json\/"}],"wp:attachment":[{"href":"https:\/\/radiofenix.com.ar\/2023\/wp-json\/wp\/v2\/media?parent=157941"}],"wp:term":[{"taxonomy":"category","embeddable":true,"href":"https:\/\/radiofenix.com.ar\/2023\/wp-json\/wp\/v2\/categories?post=157941"},{"taxonomy":"post_tag","embeddable":true,"href":"https:\/\/radiofenix.com.ar\/2023\/wp-json\/wp\/v2\/tags?post=157941"}],"curies":[{"name":"wp","href":"https:\/\/api.w.org\/{rel}","templated":true}]}}