{"id":157943,"date":"2023-01-05T12:04:27","date_gmt":"2023-01-05T12:04:27","guid":{"rendered":"http:\/\/radiofenix.com.ar\/el-presidente-anuncia-la-extension-de-la-auh-para-menores-sin-cuidados-parentales-2\/"},"modified":"2023-01-05T12:04:27","modified_gmt":"2023-01-05T12:04:27","slug":"el-presidente-anuncia-la-extension-de-la-auh-para-menores-sin-cuidados-parentales-2","status":"publish","type":"post","link":"https:\/\/radiofenix.com.ar\/2023\/el-presidente-anuncia-la-extension-de-la-auh-para-menores-sin-cuidados-parentales-2\/","title":{"rendered":"El Presidente anuncia la extensi\u00f3n de la AUH para menores sin cuidados parentales"},"content":{"rendered":"<p>El evento que encabezar\u00e1 el mandatario Alberto Fern\u00e1ndez contar\u00e1 tambi\u00e9n con la presencia del ministro de Obras P\u00fablicas, Gabriel Katopodis; la ministra de Desarrollo Social, Victoria Tolosa Paz y la titular de ANSES, Fernanda Raverta.El evento que encabezar\u00e1 el mandatario Alberto Fern\u00e1ndez contar\u00e1 tambi\u00e9n con la presencia del ministro de Obras P\u00fablicas, Gabriel Katopodis; la ministra de Desarrollo Social, Victoria Tolosa Paz y la titular de ANSES, Fernanda Raverta.<\/p>\n","protected":false},"excerpt":{"rendered":"<p>El evento que encabezar\u00e1 el mandatario Alberto Fern\u00e1ndez contar\u00e1 tambi\u00e9n con la presencia del ministro&#8230;<\/p>\n","protected":false},"author":2,"featured_media":157944,"comment_status":"open","ping_status":"open","sticky":false,"template":"","format":"standard","meta":{"footnotes":""},"categories":[2],"tags":[],"class_list":["post-157943","post","type-post","status-publish","format-standard","has-post-thumbnail","hentry","category-politica"],"featured_image_urls":{"full":"","thumbnail":"","medium":"","medium_large":"","large":"","1536x1536":"","2048x2048":"","newsium-slider-full":"","newsium-featured":"","newsium-medium":""},"author_info":{"info":["c1500921"]},"category_info":"<a href=\"https:\/\/radiofenix.com.ar\/2023\/category\/politica\/\" rel=\"category tag\">Pol\u00edtica<\/a>","tag_info":"Pol\u00edtica","comment_count":"0","_links":{"self":[{"href":"https:\/\/radiofenix.com.ar\/2023\/wp-json\/wp\/v2\/posts\/157943","targetHints":{"allow":["GET"]}}],"collection":[{"href":"https:\/\/radiofenix.com.ar\/2023\/wp-json\/wp\/v2\/posts"}],"about":[{"href":"https:\/\/radiofenix.com.ar\/2023\/wp-json\/wp\/v2\/types\/post"}],"author":[{"embeddable":true,"href":"https:\/\/radiofenix.com.ar\/2023\/wp-json\/wp\/v2\/users\/2"}],"replies":[{"embeddable":true,"href":"https:\/\/radiofenix.com.ar\/2023\/wp-json\/wp\/v2\/comments?post=157943"}],"version-history":[{"count":0,"href":"https:\/\/radiofenix.com.ar\/2023\/wp-json\/wp\/v2\/posts\/157943\/revisions"}],"wp:featuredmedia":[{"embeddable":true,"href":"https:\/\/radiofenix.com.ar\/2023\/wp-json\/"}],"wp:attachment":[{"href":"https:\/\/radiofenix.com.ar\/2023\/wp-json\/wp\/v2\/media?parent=157943"}],"wp:term":[{"taxonomy":"category","embeddable":true,"href":"https:\/\/radiofenix.com.ar\/2023\/wp-json\/wp\/v2\/categories?post=157943"},{"taxonomy":"post_tag","embeddable":true,"href":"https:\/\/radiofenix.com.ar\/2023\/wp-json\/wp\/v2\/tags?post=157943"}],"curies":[{"name":"wp","href":"https:\/\/api.w.org\/{rel}","templated":true}]}}