{"id":157951,"date":"2023-01-05T14:04:20","date_gmt":"2023-01-05T14:04:20","guid":{"rendered":"http:\/\/radiofenix.com.ar\/argentina-brasil-y-mercosur-pueden-aportar-mucho-a-un-contexto-de-incertidumbre-global\/"},"modified":"2023-01-05T14:04:20","modified_gmt":"2023-01-05T14:04:20","slug":"argentina-brasil-y-mercosur-pueden-aportar-mucho-a-un-contexto-de-incertidumbre-global","status":"publish","type":"post","link":"https:\/\/radiofenix.com.ar\/2023\/argentina-brasil-y-mercosur-pueden-aportar-mucho-a-un-contexto-de-incertidumbre-global\/","title":{"rendered":"\u00abArgentina, Brasil y Mercosur pueden aportar mucho a un contexto de incertidumbre global\u00bb"},"content":{"rendered":"<p>El canciller afirm\u00f3 que &amp;ldquo;el bloque regional est\u00e1 robusto, con actores sociales y empresariales involucrados\u00bb y ampli\u00f3 que el comercio interno de la regi\u00f3n \u00abpotenci\u00f3 sus exportaciones al mundo&amp;rdquo;.El canciller afirm\u00f3 que &amp;ldquo;el bloque regional est\u00e1 robusto, con actores sociales y empresariales involucrados\u00bb y ampli\u00f3 que el comercio interno de la regi\u00f3n \u00abpotenci\u00f3 sus exportaciones al mundo&amp;rdquo;.<\/p>\n","protected":false},"excerpt":{"rendered":"<p>El canciller afirm\u00f3 que &amp;ldquo;el bloque regional est\u00e1 robusto, con actores sociales y empresariales involucrados\u00bb&#8230;<\/p>\n","protected":false},"author":2,"featured_media":157952,"comment_status":"open","ping_status":"open","sticky":false,"template":"","format":"standard","meta":{"footnotes":""},"categories":[2],"tags":[],"class_list":["post-157951","post","type-post","status-publish","format-standard","has-post-thumbnail","hentry","category-politica"],"featured_image_urls":{"full":"","thumbnail":"","medium":"","medium_large":"","large":"","1536x1536":"","2048x2048":"","newsium-slider-full":"","newsium-featured":"","newsium-medium":""},"author_info":{"info":["c1500921"]},"category_info":"<a href=\"https:\/\/radiofenix.com.ar\/2023\/category\/politica\/\" rel=\"category tag\">Pol\u00edtica<\/a>","tag_info":"Pol\u00edtica","comment_count":"0","_links":{"self":[{"href":"https:\/\/radiofenix.com.ar\/2023\/wp-json\/wp\/v2\/posts\/157951","targetHints":{"allow":["GET"]}}],"collection":[{"href":"https:\/\/radiofenix.com.ar\/2023\/wp-json\/wp\/v2\/posts"}],"about":[{"href":"https:\/\/radiofenix.com.ar\/2023\/wp-json\/wp\/v2\/types\/post"}],"author":[{"embeddable":true,"href":"https:\/\/radiofenix.com.ar\/2023\/wp-json\/wp\/v2\/users\/2"}],"replies":[{"embeddable":true,"href":"https:\/\/radiofenix.com.ar\/2023\/wp-json\/wp\/v2\/comments?post=157951"}],"version-history":[{"count":0,"href":"https:\/\/radiofenix.com.ar\/2023\/wp-json\/wp\/v2\/posts\/157951\/revisions"}],"wp:featuredmedia":[{"embeddable":true,"href":"https:\/\/radiofenix.com.ar\/2023\/wp-json\/"}],"wp:attachment":[{"href":"https:\/\/radiofenix.com.ar\/2023\/wp-json\/wp\/v2\/media?parent=157951"}],"wp:term":[{"taxonomy":"category","embeddable":true,"href":"https:\/\/radiofenix.com.ar\/2023\/wp-json\/wp\/v2\/categories?post=157951"},{"taxonomy":"post_tag","embeddable":true,"href":"https:\/\/radiofenix.com.ar\/2023\/wp-json\/wp\/v2\/tags?post=157951"}],"curies":[{"name":"wp","href":"https:\/\/api.w.org\/{rel}","templated":true}]}}