{"id":157961,"date":"2023-01-05T15:04:34","date_gmt":"2023-01-05T15:04:34","guid":{"rendered":"http:\/\/radiofenix.com.ar\/para-gioja-podria-haber-un-interes-personal-de-unac-en-no-acompanar-juicio-politico\/"},"modified":"2023-01-05T15:04:34","modified_gmt":"2023-01-05T15:04:34","slug":"para-gioja-podria-haber-un-interes-personal-de-unac-en-no-acompanar-juicio-politico","status":"publish","type":"post","link":"https:\/\/radiofenix.com.ar\/2023\/para-gioja-podria-haber-un-interes-personal-de-unac-en-no-acompanar-juicio-politico\/","title":{"rendered":"Para Gioja, podr\u00eda haber \u00abun inter\u00e9s personal\u00bb de U\u00f1ac en no acompa\u00f1ar juicio pol\u00edtico"},"content":{"rendered":"<p>El vicepresidente de la C\u00e1mara de Diputados se mostr\u00f3 sorprendido por la decisi\u00f3n del gobernador de San Juan, quien \u00aboriginariamente acompa\u00f1\u00f3\u00bb la iniciativa y luego se baj\u00f3. Esa postura, se\u00f1al\u00f3 el legislador, \u00abafecta los intereses del conjunto del pueblo\u00bb.El vicepresidente de la C\u00e1mara de Diputados se mostr\u00f3 sorprendido por la decisi\u00f3n del gobernador de San Juan, quien \u00aboriginariamente acompa\u00f1\u00f3\u00bb la iniciativa y luego se baj\u00f3. Esa postura, se\u00f1al\u00f3 el legislador, \u00abafecta los intereses del conjunto del pueblo\u00bb.<\/p>\n","protected":false},"excerpt":{"rendered":"<p>El vicepresidente de la C\u00e1mara de Diputados se mostr\u00f3 sorprendido por la decisi\u00f3n del gobernador&#8230;<\/p>\n","protected":false},"author":2,"featured_media":157962,"comment_status":"open","ping_status":"open","sticky":false,"template":"","format":"standard","meta":{"footnotes":""},"categories":[2],"tags":[],"class_list":["post-157961","post","type-post","status-publish","format-standard","has-post-thumbnail","hentry","category-politica"],"featured_image_urls":{"full":"","thumbnail":"","medium":"","medium_large":"","large":"","1536x1536":"","2048x2048":"","newsium-slider-full":"","newsium-featured":"","newsium-medium":""},"author_info":{"info":["c1500921"]},"category_info":"<a href=\"https:\/\/radiofenix.com.ar\/2023\/category\/politica\/\" rel=\"category tag\">Pol\u00edtica<\/a>","tag_info":"Pol\u00edtica","comment_count":"0","_links":{"self":[{"href":"https:\/\/radiofenix.com.ar\/2023\/wp-json\/wp\/v2\/posts\/157961","targetHints":{"allow":["GET"]}}],"collection":[{"href":"https:\/\/radiofenix.com.ar\/2023\/wp-json\/wp\/v2\/posts"}],"about":[{"href":"https:\/\/radiofenix.com.ar\/2023\/wp-json\/wp\/v2\/types\/post"}],"author":[{"embeddable":true,"href":"https:\/\/radiofenix.com.ar\/2023\/wp-json\/wp\/v2\/users\/2"}],"replies":[{"embeddable":true,"href":"https:\/\/radiofenix.com.ar\/2023\/wp-json\/wp\/v2\/comments?post=157961"}],"version-history":[{"count":0,"href":"https:\/\/radiofenix.com.ar\/2023\/wp-json\/wp\/v2\/posts\/157961\/revisions"}],"wp:featuredmedia":[{"embeddable":true,"href":"https:\/\/radiofenix.com.ar\/2023\/wp-json\/"}],"wp:attachment":[{"href":"https:\/\/radiofenix.com.ar\/2023\/wp-json\/wp\/v2\/media?parent=157961"}],"wp:term":[{"taxonomy":"category","embeddable":true,"href":"https:\/\/radiofenix.com.ar\/2023\/wp-json\/wp\/v2\/categories?post=157961"},{"taxonomy":"post_tag","embeddable":true,"href":"https:\/\/radiofenix.com.ar\/2023\/wp-json\/wp\/v2\/tags?post=157961"}],"curies":[{"name":"wp","href":"https:\/\/api.w.org\/{rel}","templated":true}]}}