{"id":157963,"date":"2023-01-05T15:04:35","date_gmt":"2023-01-05T15:04:35","guid":{"rendered":"http:\/\/radiofenix.com.ar\/convocaran-para-la-segunda-quincena-de-enero-a-sesiones-extraordinarias-en-el-congreso\/"},"modified":"2023-01-05T15:04:35","modified_gmt":"2023-01-05T15:04:35","slug":"convocaran-para-la-segunda-quincena-de-enero-a-sesiones-extraordinarias-en-el-congreso","status":"publish","type":"post","link":"https:\/\/radiofenix.com.ar\/2023\/convocaran-para-la-segunda-quincena-de-enero-a-sesiones-extraordinarias-en-el-congreso\/","title":{"rendered":"Convocar\u00e1n para la segunda quincena de enero a sesiones extraordinarias en el Congreso"},"content":{"rendered":"<p>La portavoz de la Presidencia, Gabriela Cerruti, sostuvo que el m\u00e1ximo tribunal tiene una conducta \u00abarbitraria y complica con sus fallos la vida de la gente&amp;rdquo;. Adem\u00e1s pidi\u00f3 que Horacio Rodr\u00edguez Larreta explique las relaciones que tiene su administraci\u00f3n con el empresario Marcelo Violante.La portavoz de la Presidencia, Gabriela Cerruti, sostuvo que el m\u00e1ximo tribunal tiene una conducta \u00abarbitraria y complica con sus fallos la vida de la gente&amp;rdquo;. Adem\u00e1s pidi\u00f3 que Horacio Rodr\u00edguez Larreta explique las relaciones que tiene su administraci\u00f3n con el empresario Marcelo Violante.<\/p>\n","protected":false},"excerpt":{"rendered":"<p>La portavoz de la Presidencia, Gabriela Cerruti, sostuvo que el m\u00e1ximo tribunal tiene una conducta&#8230;<\/p>\n","protected":false},"author":2,"featured_media":157964,"comment_status":"open","ping_status":"open","sticky":false,"template":"","format":"standard","meta":{"footnotes":""},"categories":[2],"tags":[],"class_list":["post-157963","post","type-post","status-publish","format-standard","has-post-thumbnail","hentry","category-politica"],"featured_image_urls":{"full":"","thumbnail":"","medium":"","medium_large":"","large":"","1536x1536":"","2048x2048":"","newsium-slider-full":"","newsium-featured":"","newsium-medium":""},"author_info":{"info":["c1500921"]},"category_info":"<a href=\"https:\/\/radiofenix.com.ar\/2023\/category\/politica\/\" rel=\"category tag\">Pol\u00edtica<\/a>","tag_info":"Pol\u00edtica","comment_count":"0","_links":{"self":[{"href":"https:\/\/radiofenix.com.ar\/2023\/wp-json\/wp\/v2\/posts\/157963","targetHints":{"allow":["GET"]}}],"collection":[{"href":"https:\/\/radiofenix.com.ar\/2023\/wp-json\/wp\/v2\/posts"}],"about":[{"href":"https:\/\/radiofenix.com.ar\/2023\/wp-json\/wp\/v2\/types\/post"}],"author":[{"embeddable":true,"href":"https:\/\/radiofenix.com.ar\/2023\/wp-json\/wp\/v2\/users\/2"}],"replies":[{"embeddable":true,"href":"https:\/\/radiofenix.com.ar\/2023\/wp-json\/wp\/v2\/comments?post=157963"}],"version-history":[{"count":0,"href":"https:\/\/radiofenix.com.ar\/2023\/wp-json\/wp\/v2\/posts\/157963\/revisions"}],"wp:featuredmedia":[{"embeddable":true,"href":"https:\/\/radiofenix.com.ar\/2023\/wp-json\/"}],"wp:attachment":[{"href":"https:\/\/radiofenix.com.ar\/2023\/wp-json\/wp\/v2\/media?parent=157963"}],"wp:term":[{"taxonomy":"category","embeddable":true,"href":"https:\/\/radiofenix.com.ar\/2023\/wp-json\/wp\/v2\/categories?post=157963"},{"taxonomy":"post_tag","embeddable":true,"href":"https:\/\/radiofenix.com.ar\/2023\/wp-json\/wp\/v2\/tags?post=157963"}],"curies":[{"name":"wp","href":"https:\/\/api.w.org\/{rel}","templated":true}]}}