{"id":157965,"date":"2023-01-05T15:04:36","date_gmt":"2023-01-05T15:04:36","guid":{"rendered":"http:\/\/radiofenix.com.ar\/la-federacion-argentina-de-intendentes-respaldo-el-pedido-de-juicio-politico\/"},"modified":"2023-01-05T15:04:36","modified_gmt":"2023-01-05T15:04:36","slug":"la-federacion-argentina-de-intendentes-respaldo-el-pedido-de-juicio-politico","status":"publish","type":"post","link":"https:\/\/radiofenix.com.ar\/2023\/la-federacion-argentina-de-intendentes-respaldo-el-pedido-de-juicio-politico\/","title":{"rendered":"La Federaci\u00f3n Argentina de Intendentes respald\u00f3 el pedido de juicio pol\u00edtico"},"content":{"rendered":"<p>Los intendentes cuestionaron la \u00abparcialidad\u00bb del m\u00e1ximo tribunal,\u00a0\u00abque responde a una coalici\u00f3n electoral y a grupos econ\u00f3micos concentrados, pero no responde al conjunto del pueblo argentino\u00bb.Los intendentes cuestionaron la \u00abparcialidad\u00bb del m\u00e1ximo tribunal,\u00a0\u00abque responde a una coalici\u00f3n electoral y a grupos econ\u00f3micos concentrados, pero no responde al conjunto del pueblo argentino\u00bb.<\/p>\n","protected":false},"excerpt":{"rendered":"<p>Los intendentes cuestionaron la \u00abparcialidad\u00bb del m\u00e1ximo tribunal,\u00a0\u00abque responde a una coalici\u00f3n electoral y a&#8230;<\/p>\n","protected":false},"author":2,"featured_media":157966,"comment_status":"open","ping_status":"open","sticky":false,"template":"","format":"standard","meta":{"footnotes":""},"categories":[2],"tags":[],"class_list":["post-157965","post","type-post","status-publish","format-standard","has-post-thumbnail","hentry","category-politica"],"featured_image_urls":{"full":"","thumbnail":"","medium":"","medium_large":"","large":"","1536x1536":"","2048x2048":"","newsium-slider-full":"","newsium-featured":"","newsium-medium":""},"author_info":{"info":["c1500921"]},"category_info":"<a href=\"https:\/\/radiofenix.com.ar\/2023\/category\/politica\/\" rel=\"category tag\">Pol\u00edtica<\/a>","tag_info":"Pol\u00edtica","comment_count":"0","_links":{"self":[{"href":"https:\/\/radiofenix.com.ar\/2023\/wp-json\/wp\/v2\/posts\/157965","targetHints":{"allow":["GET"]}}],"collection":[{"href":"https:\/\/radiofenix.com.ar\/2023\/wp-json\/wp\/v2\/posts"}],"about":[{"href":"https:\/\/radiofenix.com.ar\/2023\/wp-json\/wp\/v2\/types\/post"}],"author":[{"embeddable":true,"href":"https:\/\/radiofenix.com.ar\/2023\/wp-json\/wp\/v2\/users\/2"}],"replies":[{"embeddable":true,"href":"https:\/\/radiofenix.com.ar\/2023\/wp-json\/wp\/v2\/comments?post=157965"}],"version-history":[{"count":0,"href":"https:\/\/radiofenix.com.ar\/2023\/wp-json\/wp\/v2\/posts\/157965\/revisions"}],"wp:featuredmedia":[{"embeddable":true,"href":"https:\/\/radiofenix.com.ar\/2023\/wp-json\/"}],"wp:attachment":[{"href":"https:\/\/radiofenix.com.ar\/2023\/wp-json\/wp\/v2\/media?parent=157965"}],"wp:term":[{"taxonomy":"category","embeddable":true,"href":"https:\/\/radiofenix.com.ar\/2023\/wp-json\/wp\/v2\/categories?post=157965"},{"taxonomy":"post_tag","embeddable":true,"href":"https:\/\/radiofenix.com.ar\/2023\/wp-json\/wp\/v2\/tags?post=157965"}],"curies":[{"name":"wp","href":"https:\/\/api.w.org\/{rel}","templated":true}]}}