{"id":157967,"date":"2023-01-05T15:04:37","date_gmt":"2023-01-05T15:04:37","guid":{"rendered":"http:\/\/radiofenix.com.ar\/messi-no-jugara-por-copa-de-francia-y-apunta-a-volver-el-miercoles-ante-angers\/"},"modified":"2023-01-05T15:04:37","modified_gmt":"2023-01-05T15:04:37","slug":"messi-no-jugara-por-copa-de-francia-y-apunta-a-volver-el-miercoles-ante-angers","status":"publish","type":"post","link":"https:\/\/radiofenix.com.ar\/2023\/messi-no-jugara-por-copa-de-francia-y-apunta-a-volver-el-miercoles-ante-angers\/","title":{"rendered":"Messi no jugar\u00e1 por Copa de Francia y apunta a volver el mi\u00e9rcoles ante Angers"},"content":{"rendered":"<p>As\u00ed,\u00a0Par\u00eds Saint Germain, sin Lionel Messi, Neymar ni Kilian Mbapp\u00e9, visitar\u00e1 el viernes desde las 17 a Chateauroux,\u00a0un equipo de la tercera divisi\u00f3n, en el estadio Gaston Petit con capacidad para poco m\u00e1s de 17.000 espectadores.<\/p>\n","protected":false},"excerpt":{"rendered":"<p>As\u00ed,\u00a0Par\u00eds Saint Germain, sin Lionel Messi, Neymar ni Kilian Mbapp\u00e9, visitar\u00e1 el viernes desde las&#8230;<\/p>\n","protected":false},"author":2,"featured_media":157968,"comment_status":"open","ping_status":"open","sticky":false,"template":"","format":"standard","meta":{"footnotes":""},"categories":[3],"tags":[],"class_list":["post-157967","post","type-post","status-publish","format-standard","has-post-thumbnail","hentry","category-deportes"],"featured_image_urls":{"full":"","thumbnail":"","medium":"","medium_large":"","large":"","1536x1536":"","2048x2048":"","newsium-slider-full":"","newsium-featured":"","newsium-medium":""},"author_info":{"info":["c1500921"]},"category_info":"<a href=\"https:\/\/radiofenix.com.ar\/2023\/category\/deportes\/\" rel=\"category tag\">Deportes<\/a>","tag_info":"Deportes","comment_count":"0","_links":{"self":[{"href":"https:\/\/radiofenix.com.ar\/2023\/wp-json\/wp\/v2\/posts\/157967","targetHints":{"allow":["GET"]}}],"collection":[{"href":"https:\/\/radiofenix.com.ar\/2023\/wp-json\/wp\/v2\/posts"}],"about":[{"href":"https:\/\/radiofenix.com.ar\/2023\/wp-json\/wp\/v2\/types\/post"}],"author":[{"embeddable":true,"href":"https:\/\/radiofenix.com.ar\/2023\/wp-json\/wp\/v2\/users\/2"}],"replies":[{"embeddable":true,"href":"https:\/\/radiofenix.com.ar\/2023\/wp-json\/wp\/v2\/comments?post=157967"}],"version-history":[{"count":0,"href":"https:\/\/radiofenix.com.ar\/2023\/wp-json\/wp\/v2\/posts\/157967\/revisions"}],"wp:featuredmedia":[{"embeddable":true,"href":"https:\/\/radiofenix.com.ar\/2023\/wp-json\/"}],"wp:attachment":[{"href":"https:\/\/radiofenix.com.ar\/2023\/wp-json\/wp\/v2\/media?parent=157967"}],"wp:term":[{"taxonomy":"category","embeddable":true,"href":"https:\/\/radiofenix.com.ar\/2023\/wp-json\/wp\/v2\/categories?post=157967"},{"taxonomy":"post_tag","embeddable":true,"href":"https:\/\/radiofenix.com.ar\/2023\/wp-json\/wp\/v2\/tags?post=157967"}],"curies":[{"name":"wp","href":"https:\/\/api.w.org\/{rel}","templated":true}]}}