{"id":157969,"date":"2023-01-05T16:26:00","date_gmt":"2023-01-05T16:26:00","guid":{"rendered":"http:\/\/radiofenix.com.ar\/la-docuserie-sobre-ricardo-fort-se-estrena-el-25-de-enero\/"},"modified":"2023-01-05T16:26:00","modified_gmt":"2023-01-05T16:26:00","slug":"la-docuserie-sobre-ricardo-fort-se-estrena-el-25-de-enero","status":"publish","type":"post","link":"https:\/\/radiofenix.com.ar\/2023\/la-docuserie-sobre-ricardo-fort-se-estrena-el-25-de-enero\/","title":{"rendered":"La docuserie sobre Ricardo Fort se estrena el 25 de enero"},"content":{"rendered":"<p>\u00abEl comandante\u00bb contar\u00e1 la vida, el ascenso y la muerte repentina del millonario que se volvi\u00f3 \u00edcono medi\u00e1tico a partir de grabacines in\u00e9ditas y el tetsimonio de su familia y sus amigos.\u00a0\u00abEl comandante\u00bb contar\u00e1 la vida, el ascenso y la muerte repentina del millonario que se volvi\u00f3 \u00edcono medi\u00e1tico a partir de grabacines in\u00e9ditas y el tetsimonio de su familia y sus amigos.\u00a0<\/p>\n","protected":false},"excerpt":{"rendered":"<p>\u00abEl comandante\u00bb contar\u00e1 la vida, el ascenso y la muerte repentina del millonario que se&#8230;<\/p>\n","protected":false},"author":2,"featured_media":157970,"comment_status":"open","ping_status":"open","sticky":false,"template":"","format":"standard","meta":{"footnotes":""},"categories":[4],"tags":[],"class_list":["post-157969","post","type-post","status-publish","format-standard","has-post-thumbnail","hentry","category-espectaculos"],"featured_image_urls":{"full":"","thumbnail":"","medium":"","medium_large":"","large":"","1536x1536":"","2048x2048":"","newsium-slider-full":"","newsium-featured":"","newsium-medium":""},"author_info":{"info":["c1500921"]},"category_info":"<a href=\"https:\/\/radiofenix.com.ar\/2023\/category\/espectaculos\/\" rel=\"category tag\">Espectaculos<\/a>","tag_info":"Espectaculos","comment_count":"0","_links":{"self":[{"href":"https:\/\/radiofenix.com.ar\/2023\/wp-json\/wp\/v2\/posts\/157969","targetHints":{"allow":["GET"]}}],"collection":[{"href":"https:\/\/radiofenix.com.ar\/2023\/wp-json\/wp\/v2\/posts"}],"about":[{"href":"https:\/\/radiofenix.com.ar\/2023\/wp-json\/wp\/v2\/types\/post"}],"author":[{"embeddable":true,"href":"https:\/\/radiofenix.com.ar\/2023\/wp-json\/wp\/v2\/users\/2"}],"replies":[{"embeddable":true,"href":"https:\/\/radiofenix.com.ar\/2023\/wp-json\/wp\/v2\/comments?post=157969"}],"version-history":[{"count":0,"href":"https:\/\/radiofenix.com.ar\/2023\/wp-json\/wp\/v2\/posts\/157969\/revisions"}],"wp:featuredmedia":[{"embeddable":true,"href":"https:\/\/radiofenix.com.ar\/2023\/wp-json\/"}],"wp:attachment":[{"href":"https:\/\/radiofenix.com.ar\/2023\/wp-json\/wp\/v2\/media?parent=157969"}],"wp:term":[{"taxonomy":"category","embeddable":true,"href":"https:\/\/radiofenix.com.ar\/2023\/wp-json\/wp\/v2\/categories?post=157969"},{"taxonomy":"post_tag","embeddable":true,"href":"https:\/\/radiofenix.com.ar\/2023\/wp-json\/wp\/v2\/tags?post=157969"}],"curies":[{"name":"wp","href":"https:\/\/api.w.org\/{rel}","templated":true}]}}