{"id":157971,"date":"2023-01-05T16:07:00","date_gmt":"2023-01-05T16:07:00","guid":{"rendered":"http:\/\/radiofenix.com.ar\/tras-55-anos-de-trayectoria-les-luthiers-se-despide-de-los-escenarios\/"},"modified":"2023-01-05T16:07:00","modified_gmt":"2023-01-05T16:07:00","slug":"tras-55-anos-de-trayectoria-les-luthiers-se-despide-de-los-escenarios","status":"publish","type":"post","link":"https:\/\/radiofenix.com.ar\/2023\/tras-55-anos-de-trayectoria-les-luthiers-se-despide-de-los-escenarios\/","title":{"rendered":"Tras 55 a\u00f1os de trayectoria, Les Luthiers se despide de los escenarios"},"content":{"rendered":"<p>La decisi\u00f3n fue tomada por sus dos integrantes \u00abhist\u00f3ricos\u00bb, que forman parte del grupo desde su creaci\u00f3n en 1967: Carlos L\u00f3pez Puccio y Jorge Maronna. Har\u00e1n una gira por el pa\u00eds con su \u00faltimo show, adem\u00e1s de recorrer salas de M\u00e9xico, Colombia, Costa Rica, Chile, Uruguay y Espa\u00f1a.La decisi\u00f3n fue tomada por sus dos integrantes \u00abhist\u00f3ricos\u00bb, que forman parte del grupo desde su creaci\u00f3n en 1967: Carlos L\u00f3pez Puccio y Jorge Maronna. Har\u00e1n una gira por el pa\u00eds con su \u00faltimo show, adem\u00e1s de recorrer salas de M\u00e9xico, Colombia, Costa Rica, Chile, Uruguay y Espa\u00f1a.<\/p>\n","protected":false},"excerpt":{"rendered":"<p>La decisi\u00f3n fue tomada por sus dos integrantes \u00abhist\u00f3ricos\u00bb, que forman parte del grupo desde&#8230;<\/p>\n","protected":false},"author":2,"featured_media":157972,"comment_status":"open","ping_status":"open","sticky":false,"template":"","format":"standard","meta":{"footnotes":""},"categories":[4],"tags":[],"class_list":["post-157971","post","type-post","status-publish","format-standard","has-post-thumbnail","hentry","category-espectaculos"],"featured_image_urls":{"full":"","thumbnail":"","medium":"","medium_large":"","large":"","1536x1536":"","2048x2048":"","newsium-slider-full":"","newsium-featured":"","newsium-medium":""},"author_info":{"info":["c1500921"]},"category_info":"<a href=\"https:\/\/radiofenix.com.ar\/2023\/category\/espectaculos\/\" rel=\"category tag\">Espectaculos<\/a>","tag_info":"Espectaculos","comment_count":"0","_links":{"self":[{"href":"https:\/\/radiofenix.com.ar\/2023\/wp-json\/wp\/v2\/posts\/157971","targetHints":{"allow":["GET"]}}],"collection":[{"href":"https:\/\/radiofenix.com.ar\/2023\/wp-json\/wp\/v2\/posts"}],"about":[{"href":"https:\/\/radiofenix.com.ar\/2023\/wp-json\/wp\/v2\/types\/post"}],"author":[{"embeddable":true,"href":"https:\/\/radiofenix.com.ar\/2023\/wp-json\/wp\/v2\/users\/2"}],"replies":[{"embeddable":true,"href":"https:\/\/radiofenix.com.ar\/2023\/wp-json\/wp\/v2\/comments?post=157971"}],"version-history":[{"count":0,"href":"https:\/\/radiofenix.com.ar\/2023\/wp-json\/wp\/v2\/posts\/157971\/revisions"}],"wp:featuredmedia":[{"embeddable":true,"href":"https:\/\/radiofenix.com.ar\/2023\/wp-json\/"}],"wp:attachment":[{"href":"https:\/\/radiofenix.com.ar\/2023\/wp-json\/wp\/v2\/media?parent=157971"}],"wp:term":[{"taxonomy":"category","embeddable":true,"href":"https:\/\/radiofenix.com.ar\/2023\/wp-json\/wp\/v2\/categories?post=157971"},{"taxonomy":"post_tag","embeddable":true,"href":"https:\/\/radiofenix.com.ar\/2023\/wp-json\/wp\/v2\/tags?post=157971"}],"curies":[{"name":"wp","href":"https:\/\/api.w.org\/{rel}","templated":true}]}}