{"id":157977,"date":"2023-01-05T17:04:35","date_gmt":"2023-01-05T17:04:35","guid":{"rendered":"http:\/\/radiofenix.com.ar\/martinez-el-juicio-a-la-corte-debe-generar-un-debate-de-fondo-y-de-cara-a-la-sociedad\/"},"modified":"2023-01-05T17:04:35","modified_gmt":"2023-01-05T17:04:35","slug":"martinez-el-juicio-a-la-corte-debe-generar-un-debate-de-fondo-y-de-cara-a-la-sociedad","status":"publish","type":"post","link":"https:\/\/radiofenix.com.ar\/2023\/martinez-el-juicio-a-la-corte-debe-generar-un-debate-de-fondo-y-de-cara-a-la-sociedad\/","title":{"rendered":"Mart\u00ednez: \u00abEl juicio a la Corte debe generar un debate de fondo y de cara a la sociedad\u00bb"},"content":{"rendered":"<p>El presidente del bloque de diputados del Frente de Todos\u00a0le rest\u00f3 importancia a las expresiones opositoras respecto al tratamiento legislativo de la iniciativa y consider\u00f3 que en la pol\u00edtica \u00ablas correlaciones de fuerza son siempre din\u00e1micas\u00bb.El presidente del bloque de diputados del Frente de Todos\u00a0le rest\u00f3 importancia a las expresiones opositoras respecto al tratamiento legislativo de la iniciativa y consider\u00f3 que en la pol\u00edtica \u00ablas correlaciones de fuerza son siempre din\u00e1micas\u00bb.<\/p>\n","protected":false},"excerpt":{"rendered":"<p>El presidente del bloque de diputados del Frente de Todos\u00a0le rest\u00f3 importancia a las expresiones&#8230;<\/p>\n","protected":false},"author":2,"featured_media":157978,"comment_status":"open","ping_status":"open","sticky":false,"template":"","format":"standard","meta":{"footnotes":""},"categories":[2],"tags":[],"class_list":["post-157977","post","type-post","status-publish","format-standard","has-post-thumbnail","hentry","category-politica"],"featured_image_urls":{"full":"","thumbnail":"","medium":"","medium_large":"","large":"","1536x1536":"","2048x2048":"","newsium-slider-full":"","newsium-featured":"","newsium-medium":""},"author_info":{"info":["c1500921"]},"category_info":"<a href=\"https:\/\/radiofenix.com.ar\/2023\/category\/politica\/\" rel=\"category tag\">Pol\u00edtica<\/a>","tag_info":"Pol\u00edtica","comment_count":"0","_links":{"self":[{"href":"https:\/\/radiofenix.com.ar\/2023\/wp-json\/wp\/v2\/posts\/157977","targetHints":{"allow":["GET"]}}],"collection":[{"href":"https:\/\/radiofenix.com.ar\/2023\/wp-json\/wp\/v2\/posts"}],"about":[{"href":"https:\/\/radiofenix.com.ar\/2023\/wp-json\/wp\/v2\/types\/post"}],"author":[{"embeddable":true,"href":"https:\/\/radiofenix.com.ar\/2023\/wp-json\/wp\/v2\/users\/2"}],"replies":[{"embeddable":true,"href":"https:\/\/radiofenix.com.ar\/2023\/wp-json\/wp\/v2\/comments?post=157977"}],"version-history":[{"count":0,"href":"https:\/\/radiofenix.com.ar\/2023\/wp-json\/wp\/v2\/posts\/157977\/revisions"}],"wp:featuredmedia":[{"embeddable":true,"href":"https:\/\/radiofenix.com.ar\/2023\/wp-json\/"}],"wp:attachment":[{"href":"https:\/\/radiofenix.com.ar\/2023\/wp-json\/wp\/v2\/media?parent=157977"}],"wp:term":[{"taxonomy":"category","embeddable":true,"href":"https:\/\/radiofenix.com.ar\/2023\/wp-json\/wp\/v2\/categories?post=157977"},{"taxonomy":"post_tag","embeddable":true,"href":"https:\/\/radiofenix.com.ar\/2023\/wp-json\/wp\/v2\/tags?post=157977"}],"curies":[{"name":"wp","href":"https:\/\/api.w.org\/{rel}","templated":true}]}}