{"id":157985,"date":"2023-01-05T15:14:00","date_gmt":"2023-01-05T15:14:00","guid":{"rendered":"http:\/\/radiofenix.com.ar\/amazon-despedira-a-mas-de-18-000-empleados\/"},"modified":"2023-01-05T15:14:00","modified_gmt":"2023-01-05T15:14:00","slug":"amazon-despedira-a-mas-de-18-000-empleados","status":"publish","type":"post","link":"https:\/\/radiofenix.com.ar\/2023\/amazon-despedira-a-mas-de-18-000-empleados\/","title":{"rendered":"Amazon despedir\u00e1 a m\u00e1s de 18.000 empleados"},"content":{"rendered":"<p>La empresa hab\u00eda anticipado en noviembre que los recortes afectar\u00edan a 10.000 personas, pero finalmente la cifra fue superior. El CEO de la compa\u00f1\u00eda, Andy Jassy, declar\u00f3 que las personas despedidas recibir\u00e1n \u00abindemnizaciones y seguros m\u00e9dicos de transici\u00f3n\u00bb.<\/p>\n","protected":false},"excerpt":{"rendered":"<p>La empresa hab\u00eda anticipado en noviembre que los recortes afectar\u00edan a 10.000 personas, pero finalmente&#8230;<\/p>\n","protected":false},"author":2,"featured_media":157986,"comment_status":"open","ping_status":"open","sticky":false,"template":"","format":"standard","meta":{"footnotes":""},"categories":[5],"tags":[],"class_list":["post-157985","post","type-post","status-publish","format-standard","has-post-thumbnail","hentry","category-economia"],"featured_image_urls":{"full":"","thumbnail":"","medium":"","medium_large":"","large":"","1536x1536":"","2048x2048":"","newsium-slider-full":"","newsium-featured":"","newsium-medium":""},"author_info":{"info":["c1500921"]},"category_info":"<a href=\"https:\/\/radiofenix.com.ar\/2023\/category\/economia\/\" rel=\"category tag\">Economia<\/a>","tag_info":"Economia","comment_count":"0","_links":{"self":[{"href":"https:\/\/radiofenix.com.ar\/2023\/wp-json\/wp\/v2\/posts\/157985","targetHints":{"allow":["GET"]}}],"collection":[{"href":"https:\/\/radiofenix.com.ar\/2023\/wp-json\/wp\/v2\/posts"}],"about":[{"href":"https:\/\/radiofenix.com.ar\/2023\/wp-json\/wp\/v2\/types\/post"}],"author":[{"embeddable":true,"href":"https:\/\/radiofenix.com.ar\/2023\/wp-json\/wp\/v2\/users\/2"}],"replies":[{"embeddable":true,"href":"https:\/\/radiofenix.com.ar\/2023\/wp-json\/wp\/v2\/comments?post=157985"}],"version-history":[{"count":0,"href":"https:\/\/radiofenix.com.ar\/2023\/wp-json\/wp\/v2\/posts\/157985\/revisions"}],"wp:featuredmedia":[{"embeddable":true,"href":"https:\/\/radiofenix.com.ar\/2023\/wp-json\/"}],"wp:attachment":[{"href":"https:\/\/radiofenix.com.ar\/2023\/wp-json\/wp\/v2\/media?parent=157985"}],"wp:term":[{"taxonomy":"category","embeddable":true,"href":"https:\/\/radiofenix.com.ar\/2023\/wp-json\/wp\/v2\/categories?post=157985"},{"taxonomy":"post_tag","embeddable":true,"href":"https:\/\/radiofenix.com.ar\/2023\/wp-json\/wp\/v2\/tags?post=157985"}],"curies":[{"name":"wp","href":"https:\/\/api.w.org\/{rel}","templated":true}]}}