{"id":158009,"date":"2023-01-05T19:06:30","date_gmt":"2023-01-05T19:06:30","guid":{"rendered":"http:\/\/radiofenix.com.ar\/hoy-estamos-en-un-pais-en-el-que-los-unicos-privilegiados-son-los-jueces-2\/"},"modified":"2023-01-05T19:06:30","modified_gmt":"2023-01-05T19:06:30","slug":"hoy-estamos-en-un-pais-en-el-que-los-unicos-privilegiados-son-los-jueces-2","status":"publish","type":"post","link":"https:\/\/radiofenix.com.ar\/2023\/hoy-estamos-en-un-pais-en-el-que-los-unicos-privilegiados-son-los-jueces-2\/","title":{"rendered":"\u00abHoy estamos en un pa\u00eds en el que los \u00fanicos privilegiados son los jueces\u00bb"},"content":{"rendered":"<p>El Presidente anunci\u00f3 la extensi\u00f3n de la AUH para ni\u00f1os y adolescentes sin cuidados parentales, beneficio que se har\u00e1 extensivo a los ni\u00f1os, ni\u00f1as y adolescentes con discapacidad, y asegur\u00f3 que\u00a0siguiendo el ejemplo de Eva Per\u00f3n, su gobierno trabaja para hacer un pa\u00eds \u00abdonde los ni\u00f1os y las ni\u00f1as sean tratados como sujetos de derecho\u00bb.El Presidente anunci\u00f3 la extensi\u00f3n de la AUH para ni\u00f1os y adolescentes sin cuidados parentales, beneficio que se har\u00e1 extensivo a los ni\u00f1os, ni\u00f1as y adolescentes con discapacidad, y asegur\u00f3 que\u00a0siguiendo el ejemplo de Eva Per\u00f3n, su gobierno trabaja para hacer un pa\u00eds \u00abdonde los ni\u00f1os y las ni\u00f1as sean tratados como sujetos de derecho\u00bb.<\/p>\n","protected":false},"excerpt":{"rendered":"<p>El Presidente anunci\u00f3 la extensi\u00f3n de la AUH para ni\u00f1os y adolescentes sin cuidados parentales,&#8230;<\/p>\n","protected":false},"author":2,"featured_media":158010,"comment_status":"open","ping_status":"open","sticky":false,"template":"","format":"standard","meta":{"footnotes":""},"categories":[2],"tags":[],"class_list":["post-158009","post","type-post","status-publish","format-standard","has-post-thumbnail","hentry","category-politica"],"featured_image_urls":{"full":"","thumbnail":"","medium":"","medium_large":"","large":"","1536x1536":"","2048x2048":"","newsium-slider-full":"","newsium-featured":"","newsium-medium":""},"author_info":{"info":["c1500921"]},"category_info":"<a href=\"https:\/\/radiofenix.com.ar\/2023\/category\/politica\/\" rel=\"category tag\">Pol\u00edtica<\/a>","tag_info":"Pol\u00edtica","comment_count":"0","_links":{"self":[{"href":"https:\/\/radiofenix.com.ar\/2023\/wp-json\/wp\/v2\/posts\/158009","targetHints":{"allow":["GET"]}}],"collection":[{"href":"https:\/\/radiofenix.com.ar\/2023\/wp-json\/wp\/v2\/posts"}],"about":[{"href":"https:\/\/radiofenix.com.ar\/2023\/wp-json\/wp\/v2\/types\/post"}],"author":[{"embeddable":true,"href":"https:\/\/radiofenix.com.ar\/2023\/wp-json\/wp\/v2\/users\/2"}],"replies":[{"embeddable":true,"href":"https:\/\/radiofenix.com.ar\/2023\/wp-json\/wp\/v2\/comments?post=158009"}],"version-history":[{"count":0,"href":"https:\/\/radiofenix.com.ar\/2023\/wp-json\/wp\/v2\/posts\/158009\/revisions"}],"wp:featuredmedia":[{"embeddable":true,"href":"https:\/\/radiofenix.com.ar\/2023\/wp-json\/"}],"wp:attachment":[{"href":"https:\/\/radiofenix.com.ar\/2023\/wp-json\/wp\/v2\/media?parent=158009"}],"wp:term":[{"taxonomy":"category","embeddable":true,"href":"https:\/\/radiofenix.com.ar\/2023\/wp-json\/wp\/v2\/categories?post=158009"},{"taxonomy":"post_tag","embeddable":true,"href":"https:\/\/radiofenix.com.ar\/2023\/wp-json\/wp\/v2\/tags?post=158009"}],"curies":[{"name":"wp","href":"https:\/\/api.w.org\/{rel}","templated":true}]}}