{"id":158015,"date":"2023-01-05T19:06:32","date_gmt":"2023-01-05T19:06:32","guid":{"rendered":"http:\/\/radiofenix.com.ar\/kun-aguero-que-diran-todos-esos-periodistas-que-hablaban-mal-de-messi-2\/"},"modified":"2023-01-05T19:06:32","modified_gmt":"2023-01-05T19:06:32","slug":"kun-aguero-que-diran-todos-esos-periodistas-que-hablaban-mal-de-messi-2","status":"publish","type":"post","link":"https:\/\/radiofenix.com.ar\/2023\/kun-aguero-que-diran-todos-esos-periodistas-que-hablaban-mal-de-messi-2\/","title":{"rendered":"Kun Ag\u00fcero: \u00ab\u00bfQu\u00e9 dir\u00e1n todos esos periodistas que hablaban mal de Messi?\u00bb"},"content":{"rendered":"<p>El exdelantero del seleccionado argentino fue duro con la prensa al recordar que\u00a0Lionel Messi fue duramente criticado en los a\u00f1os que no logr\u00f3 t\u00edtulos con el equipo albiceleste, que incluy\u00f3 tres finales perdidas consecutivamente.<\/p>\n","protected":false},"excerpt":{"rendered":"<p>El exdelantero del seleccionado argentino fue duro con la prensa al recordar que\u00a0Lionel Messi fue&#8230;<\/p>\n","protected":false},"author":2,"featured_media":158016,"comment_status":"open","ping_status":"open","sticky":false,"template":"","format":"standard","meta":{"footnotes":""},"categories":[3],"tags":[],"class_list":["post-158015","post","type-post","status-publish","format-standard","has-post-thumbnail","hentry","category-deportes"],"featured_image_urls":{"full":"","thumbnail":"","medium":"","medium_large":"","large":"","1536x1536":"","2048x2048":"","newsium-slider-full":"","newsium-featured":"","newsium-medium":""},"author_info":{"info":["c1500921"]},"category_info":"<a href=\"https:\/\/radiofenix.com.ar\/2023\/category\/deportes\/\" rel=\"category tag\">Deportes<\/a>","tag_info":"Deportes","comment_count":"0","_links":{"self":[{"href":"https:\/\/radiofenix.com.ar\/2023\/wp-json\/wp\/v2\/posts\/158015","targetHints":{"allow":["GET"]}}],"collection":[{"href":"https:\/\/radiofenix.com.ar\/2023\/wp-json\/wp\/v2\/posts"}],"about":[{"href":"https:\/\/radiofenix.com.ar\/2023\/wp-json\/wp\/v2\/types\/post"}],"author":[{"embeddable":true,"href":"https:\/\/radiofenix.com.ar\/2023\/wp-json\/wp\/v2\/users\/2"}],"replies":[{"embeddable":true,"href":"https:\/\/radiofenix.com.ar\/2023\/wp-json\/wp\/v2\/comments?post=158015"}],"version-history":[{"count":0,"href":"https:\/\/radiofenix.com.ar\/2023\/wp-json\/wp\/v2\/posts\/158015\/revisions"}],"wp:featuredmedia":[{"embeddable":true,"href":"https:\/\/radiofenix.com.ar\/2023\/wp-json\/"}],"wp:attachment":[{"href":"https:\/\/radiofenix.com.ar\/2023\/wp-json\/wp\/v2\/media?parent=158015"}],"wp:term":[{"taxonomy":"category","embeddable":true,"href":"https:\/\/radiofenix.com.ar\/2023\/wp-json\/wp\/v2\/categories?post=158015"},{"taxonomy":"post_tag","embeddable":true,"href":"https:\/\/radiofenix.com.ar\/2023\/wp-json\/wp\/v2\/tags?post=158015"}],"curies":[{"name":"wp","href":"https:\/\/api.w.org\/{rel}","templated":true}]}}