{"id":158025,"date":"2023-01-05T19:42:00","date_gmt":"2023-01-05T19:42:00","guid":{"rendered":"http:\/\/radiofenix.com.ar\/villa-maria-ya-palpita-su-mega-festival-que-augura-un-gran-exito-internacional\/"},"modified":"2023-01-05T19:42:00","modified_gmt":"2023-01-05T19:42:00","slug":"villa-maria-ya-palpita-su-mega-festival-que-augura-un-gran-exito-internacional","status":"publish","type":"post","link":"https:\/\/radiofenix.com.ar\/2023\/villa-maria-ya-palpita-su-mega-festival-que-augura-un-gran-exito-internacional\/","title":{"rendered":"Villa Mar\u00eda ya palpita su mega festival que augura un \u00abgran \u00e9xito\u00bb internacional"},"content":{"rendered":"<p>&amp;ldquo;El festival cumple 55 a\u00f1os, el \u00fanico a\u00f1o que no se desarroll\u00f3 fue en el m\u00e1s duro de la pandemia y ha tenido una transformaci\u00f3n muy grande&amp;rdquo;, expres\u00f3 el intendente Gill a Radio T\u00e9lam.&amp;ldquo;El festival cumple 55 a\u00f1os, el \u00fanico a\u00f1o que no se desarroll\u00f3 fue en el m\u00e1s duro de la pandemia y ha tenido una transformaci\u00f3n muy grande&amp;rdquo;, expres\u00f3 el intendente Gill a Radio T\u00e9lam.<\/p>\n","protected":false},"excerpt":{"rendered":"<p>&amp;ldquo;El festival cumple 55 a\u00f1os, el \u00fanico a\u00f1o que no se desarroll\u00f3 fue en el&#8230;<\/p>\n","protected":false},"author":2,"featured_media":158026,"comment_status":"open","ping_status":"open","sticky":false,"template":"","format":"standard","meta":{"footnotes":""},"categories":[4],"tags":[],"class_list":["post-158025","post","type-post","status-publish","format-standard","has-post-thumbnail","hentry","category-espectaculos"],"featured_image_urls":{"full":"","thumbnail":"","medium":"","medium_large":"","large":"","1536x1536":"","2048x2048":"","newsium-slider-full":"","newsium-featured":"","newsium-medium":""},"author_info":{"info":["c1500921"]},"category_info":"<a href=\"https:\/\/radiofenix.com.ar\/2023\/category\/espectaculos\/\" rel=\"category tag\">Espectaculos<\/a>","tag_info":"Espectaculos","comment_count":"0","_links":{"self":[{"href":"https:\/\/radiofenix.com.ar\/2023\/wp-json\/wp\/v2\/posts\/158025","targetHints":{"allow":["GET"]}}],"collection":[{"href":"https:\/\/radiofenix.com.ar\/2023\/wp-json\/wp\/v2\/posts"}],"about":[{"href":"https:\/\/radiofenix.com.ar\/2023\/wp-json\/wp\/v2\/types\/post"}],"author":[{"embeddable":true,"href":"https:\/\/radiofenix.com.ar\/2023\/wp-json\/wp\/v2\/users\/2"}],"replies":[{"embeddable":true,"href":"https:\/\/radiofenix.com.ar\/2023\/wp-json\/wp\/v2\/comments?post=158025"}],"version-history":[{"count":0,"href":"https:\/\/radiofenix.com.ar\/2023\/wp-json\/wp\/v2\/posts\/158025\/revisions"}],"wp:featuredmedia":[{"embeddable":true,"href":"https:\/\/radiofenix.com.ar\/2023\/wp-json\/"}],"wp:attachment":[{"href":"https:\/\/radiofenix.com.ar\/2023\/wp-json\/wp\/v2\/media?parent=158025"}],"wp:term":[{"taxonomy":"category","embeddable":true,"href":"https:\/\/radiofenix.com.ar\/2023\/wp-json\/wp\/v2\/categories?post=158025"},{"taxonomy":"post_tag","embeddable":true,"href":"https:\/\/radiofenix.com.ar\/2023\/wp-json\/wp\/v2\/tags?post=158025"}],"curies":[{"name":"wp","href":"https:\/\/api.w.org\/{rel}","templated":true}]}}