{"id":158039,"date":"2023-01-05T20:51:00","date_gmt":"2023-01-05T20:51:00","guid":{"rendered":"http:\/\/radiofenix.com.ar\/la-actividad-industrial-crecio-14-en-noviembre\/"},"modified":"2023-01-05T20:51:00","modified_gmt":"2023-01-05T20:51:00","slug":"la-actividad-industrial-crecio-14-en-noviembre","status":"publish","type":"post","link":"https:\/\/radiofenix.com.ar\/2023\/la-actividad-industrial-crecio-14-en-noviembre\/","title":{"rendered":"La actividad industrial creci\u00f3 1,4% en noviembre"},"content":{"rendered":"<p>La suba se da en relaci\u00f3n al mismo mes del a\u00f1o pasado. En tanto,\u00a0el sector fabril present\u00f3 en noviembre un alza del 0,8% respecto a octubre y\u00a0acumul\u00f3 entre enero y noviembre una suba del 5,2%.<\/p>\n","protected":false},"excerpt":{"rendered":"<p>La suba se da en relaci\u00f3n al mismo mes del a\u00f1o pasado. En tanto,\u00a0el sector&#8230;<\/p>\n","protected":false},"author":2,"featured_media":158040,"comment_status":"open","ping_status":"open","sticky":false,"template":"","format":"standard","meta":{"footnotes":""},"categories":[5],"tags":[],"class_list":["post-158039","post","type-post","status-publish","format-standard","has-post-thumbnail","hentry","category-economia"],"featured_image_urls":{"full":"","thumbnail":"","medium":"","medium_large":"","large":"","1536x1536":"","2048x2048":"","newsium-slider-full":"","newsium-featured":"","newsium-medium":""},"author_info":{"info":["c1500921"]},"category_info":"<a href=\"https:\/\/radiofenix.com.ar\/2023\/category\/economia\/\" rel=\"category tag\">Economia<\/a>","tag_info":"Economia","comment_count":"0","_links":{"self":[{"href":"https:\/\/radiofenix.com.ar\/2023\/wp-json\/wp\/v2\/posts\/158039","targetHints":{"allow":["GET"]}}],"collection":[{"href":"https:\/\/radiofenix.com.ar\/2023\/wp-json\/wp\/v2\/posts"}],"about":[{"href":"https:\/\/radiofenix.com.ar\/2023\/wp-json\/wp\/v2\/types\/post"}],"author":[{"embeddable":true,"href":"https:\/\/radiofenix.com.ar\/2023\/wp-json\/wp\/v2\/users\/2"}],"replies":[{"embeddable":true,"href":"https:\/\/radiofenix.com.ar\/2023\/wp-json\/wp\/v2\/comments?post=158039"}],"version-history":[{"count":0,"href":"https:\/\/radiofenix.com.ar\/2023\/wp-json\/wp\/v2\/posts\/158039\/revisions"}],"wp:featuredmedia":[{"embeddable":true,"href":"https:\/\/radiofenix.com.ar\/2023\/wp-json\/"}],"wp:attachment":[{"href":"https:\/\/radiofenix.com.ar\/2023\/wp-json\/wp\/v2\/media?parent=158039"}],"wp:term":[{"taxonomy":"category","embeddable":true,"href":"https:\/\/radiofenix.com.ar\/2023\/wp-json\/wp\/v2\/categories?post=158039"},{"taxonomy":"post_tag","embeddable":true,"href":"https:\/\/radiofenix.com.ar\/2023\/wp-json\/wp\/v2\/tags?post=158039"}],"curies":[{"name":"wp","href":"https:\/\/api.w.org\/{rel}","templated":true}]}}