{"id":158053,"date":"2023-01-05T22:04:43","date_gmt":"2023-01-05T22:04:43","guid":{"rendered":"http:\/\/radiofenix.com.ar\/alberto-fernandez-recibira-a-finales-de-enero-al-canciller-aleman-scholz\/"},"modified":"2023-01-05T22:04:43","modified_gmt":"2023-01-05T22:04:43","slug":"alberto-fernandez-recibira-a-finales-de-enero-al-canciller-aleman-scholz","status":"publish","type":"post","link":"https:\/\/radiofenix.com.ar\/2023\/alberto-fernandez-recibira-a-finales-de-enero-al-canciller-aleman-scholz\/","title":{"rendered":"Alberto Fern\u00e1ndez recibir\u00e1 a finales de enero al canciller alem\u00e1n Scholz"},"content":{"rendered":"<p>Olaf Scholz llegar\u00e1 al pa\u00eds en el marco de una gira que tambi\u00e9n lo tendr\u00e1 en Brasil y Chile y que servir\u00e1 para analizar las posibilidades de ampliar el comercio bilateral, el flujo de inversiones, y el financiamiento en diversos proyectos.Olaf Scholz llegar\u00e1 al pa\u00eds en el marco de una gira que tambi\u00e9n lo tendr\u00e1 en Brasil y Chile y que servir\u00e1 para analizar las posibilidades de ampliar el comercio bilateral, el flujo de inversiones, y el financiamiento en diversos proyectos.<\/p>\n","protected":false},"excerpt":{"rendered":"<p>Olaf Scholz llegar\u00e1 al pa\u00eds en el marco de una gira que tambi\u00e9n lo tendr\u00e1&#8230;<\/p>\n","protected":false},"author":2,"featured_media":158054,"comment_status":"open","ping_status":"open","sticky":false,"template":"","format":"standard","meta":{"footnotes":""},"categories":[2],"tags":[],"class_list":["post-158053","post","type-post","status-publish","format-standard","has-post-thumbnail","hentry","category-politica"],"featured_image_urls":{"full":"","thumbnail":"","medium":"","medium_large":"","large":"","1536x1536":"","2048x2048":"","newsium-slider-full":"","newsium-featured":"","newsium-medium":""},"author_info":{"info":["c1500921"]},"category_info":"<a href=\"https:\/\/radiofenix.com.ar\/2023\/category\/politica\/\" rel=\"category tag\">Pol\u00edtica<\/a>","tag_info":"Pol\u00edtica","comment_count":"0","_links":{"self":[{"href":"https:\/\/radiofenix.com.ar\/2023\/wp-json\/wp\/v2\/posts\/158053","targetHints":{"allow":["GET"]}}],"collection":[{"href":"https:\/\/radiofenix.com.ar\/2023\/wp-json\/wp\/v2\/posts"}],"about":[{"href":"https:\/\/radiofenix.com.ar\/2023\/wp-json\/wp\/v2\/types\/post"}],"author":[{"embeddable":true,"href":"https:\/\/radiofenix.com.ar\/2023\/wp-json\/wp\/v2\/users\/2"}],"replies":[{"embeddable":true,"href":"https:\/\/radiofenix.com.ar\/2023\/wp-json\/wp\/v2\/comments?post=158053"}],"version-history":[{"count":0,"href":"https:\/\/radiofenix.com.ar\/2023\/wp-json\/wp\/v2\/posts\/158053\/revisions"}],"wp:featuredmedia":[{"embeddable":true,"href":"https:\/\/radiofenix.com.ar\/2023\/wp-json\/"}],"wp:attachment":[{"href":"https:\/\/radiofenix.com.ar\/2023\/wp-json\/wp\/v2\/media?parent=158053"}],"wp:term":[{"taxonomy":"category","embeddable":true,"href":"https:\/\/radiofenix.com.ar\/2023\/wp-json\/wp\/v2\/categories?post=158053"},{"taxonomy":"post_tag","embeddable":true,"href":"https:\/\/radiofenix.com.ar\/2023\/wp-json\/wp\/v2\/tags?post=158053"}],"curies":[{"name":"wp","href":"https:\/\/api.w.org\/{rel}","templated":true}]}}