{"id":158059,"date":"2023-01-05T22:04:46","date_gmt":"2023-01-05T22:04:46","guid":{"rendered":"http:\/\/radiofenix.com.ar\/exequiel-palacios-estoy-muy-orgulloso-de-haber-ganado-el-mundial\/"},"modified":"2023-01-05T22:04:46","modified_gmt":"2023-01-05T22:04:46","slug":"exequiel-palacios-estoy-muy-orgulloso-de-haber-ganado-el-mundial","status":"publish","type":"post","link":"https:\/\/radiofenix.com.ar\/2023\/exequiel-palacios-estoy-muy-orgulloso-de-haber-ganado-el-mundial\/","title":{"rendered":"Exequiel Palacios: \u00abEstoy muy orgulloso de haber ganado el Mundial\u00bb"},"content":{"rendered":"<p>El mediocampista tucumano volvi\u00f3 a los entrenamientos del equipo alem\u00e1n y asegur\u00f3 sentirse \u00abmuy emocionado por la forma en que me ha recibido el club\u00bb.<\/p>\n","protected":false},"excerpt":{"rendered":"<p>El mediocampista tucumano volvi\u00f3 a los entrenamientos del equipo alem\u00e1n y asegur\u00f3 sentirse \u00abmuy emocionado&#8230;<\/p>\n","protected":false},"author":2,"featured_media":158060,"comment_status":"open","ping_status":"open","sticky":false,"template":"","format":"standard","meta":{"footnotes":""},"categories":[3],"tags":[],"class_list":["post-158059","post","type-post","status-publish","format-standard","has-post-thumbnail","hentry","category-deportes"],"featured_image_urls":{"full":"","thumbnail":"","medium":"","medium_large":"","large":"","1536x1536":"","2048x2048":"","newsium-slider-full":"","newsium-featured":"","newsium-medium":""},"author_info":{"info":["c1500921"]},"category_info":"<a href=\"https:\/\/radiofenix.com.ar\/2023\/category\/deportes\/\" rel=\"category tag\">Deportes<\/a>","tag_info":"Deportes","comment_count":"0","_links":{"self":[{"href":"https:\/\/radiofenix.com.ar\/2023\/wp-json\/wp\/v2\/posts\/158059","targetHints":{"allow":["GET"]}}],"collection":[{"href":"https:\/\/radiofenix.com.ar\/2023\/wp-json\/wp\/v2\/posts"}],"about":[{"href":"https:\/\/radiofenix.com.ar\/2023\/wp-json\/wp\/v2\/types\/post"}],"author":[{"embeddable":true,"href":"https:\/\/radiofenix.com.ar\/2023\/wp-json\/wp\/v2\/users\/2"}],"replies":[{"embeddable":true,"href":"https:\/\/radiofenix.com.ar\/2023\/wp-json\/wp\/v2\/comments?post=158059"}],"version-history":[{"count":0,"href":"https:\/\/radiofenix.com.ar\/2023\/wp-json\/wp\/v2\/posts\/158059\/revisions"}],"wp:featuredmedia":[{"embeddable":true,"href":"https:\/\/radiofenix.com.ar\/2023\/wp-json\/"}],"wp:attachment":[{"href":"https:\/\/radiofenix.com.ar\/2023\/wp-json\/wp\/v2\/media?parent=158059"}],"wp:term":[{"taxonomy":"category","embeddable":true,"href":"https:\/\/radiofenix.com.ar\/2023\/wp-json\/wp\/v2\/categories?post=158059"},{"taxonomy":"post_tag","embeddable":true,"href":"https:\/\/radiofenix.com.ar\/2023\/wp-json\/wp\/v2\/tags?post=158059"}],"curies":[{"name":"wp","href":"https:\/\/api.w.org\/{rel}","templated":true}]}}