{"id":158061,"date":"2023-01-05T23:59:00","date_gmt":"2023-01-05T23:59:00","guid":{"rendered":"http:\/\/radiofenix.com.ar\/jovenes-choques-culturales-y-discusiones-sobre-la-comida-en-la-cartelera-teatral-portena\/"},"modified":"2023-01-05T23:59:00","modified_gmt":"2023-01-05T23:59:00","slug":"jovenes-choques-culturales-y-discusiones-sobre-la-comida-en-la-cartelera-teatral-portena","status":"publish","type":"post","link":"https:\/\/radiofenix.com.ar\/2023\/jovenes-choques-culturales-y-discusiones-sobre-la-comida-en-la-cartelera-teatral-portena\/","title":{"rendered":"J\u00f3venes, choques culturales y discusiones sobre la comida en la cartelera teatral porte\u00f1a"},"content":{"rendered":"<p>Cuatro propuestas se recortan en la cartelera teatral porte\u00f1a: \u00abConvivencia obligada\u00bb, \u00abLa mirada de quien\u00bb, \u00abLa Falc\u00f3n\u00bb,\u00a0 y\u00a0&amp;ldquo;Comer, pensar, amar: un viaje filos\u00f3fico hacia los confines de lo humano&amp;rdquo;.Cuatro propuestas se recortan en la cartelera teatral porte\u00f1a: \u00abConvivencia obligada\u00bb, \u00abLa mirada de quien\u00bb, \u00abLa Falc\u00f3n\u00bb,\u00a0 y\u00a0&amp;ldquo;Comer, pensar, amar: un viaje filos\u00f3fico hacia los confines de lo humano&amp;rdquo;.<\/p>\n","protected":false},"excerpt":{"rendered":"<p>Cuatro propuestas se recortan en la cartelera teatral porte\u00f1a: \u00abConvivencia obligada\u00bb, \u00abLa mirada de quien\u00bb,&#8230;<\/p>\n","protected":false},"author":2,"featured_media":158062,"comment_status":"open","ping_status":"open","sticky":false,"template":"","format":"standard","meta":{"footnotes":""},"categories":[4],"tags":[],"class_list":["post-158061","post","type-post","status-publish","format-standard","has-post-thumbnail","hentry","category-espectaculos"],"featured_image_urls":{"full":"","thumbnail":"","medium":"","medium_large":"","large":"","1536x1536":"","2048x2048":"","newsium-slider-full":"","newsium-featured":"","newsium-medium":""},"author_info":{"info":["c1500921"]},"category_info":"<a href=\"https:\/\/radiofenix.com.ar\/2023\/category\/espectaculos\/\" rel=\"category tag\">Espectaculos<\/a>","tag_info":"Espectaculos","comment_count":"0","_links":{"self":[{"href":"https:\/\/radiofenix.com.ar\/2023\/wp-json\/wp\/v2\/posts\/158061","targetHints":{"allow":["GET"]}}],"collection":[{"href":"https:\/\/radiofenix.com.ar\/2023\/wp-json\/wp\/v2\/posts"}],"about":[{"href":"https:\/\/radiofenix.com.ar\/2023\/wp-json\/wp\/v2\/types\/post"}],"author":[{"embeddable":true,"href":"https:\/\/radiofenix.com.ar\/2023\/wp-json\/wp\/v2\/users\/2"}],"replies":[{"embeddable":true,"href":"https:\/\/radiofenix.com.ar\/2023\/wp-json\/wp\/v2\/comments?post=158061"}],"version-history":[{"count":0,"href":"https:\/\/radiofenix.com.ar\/2023\/wp-json\/wp\/v2\/posts\/158061\/revisions"}],"wp:featuredmedia":[{"embeddable":true,"href":"https:\/\/radiofenix.com.ar\/2023\/wp-json\/"}],"wp:attachment":[{"href":"https:\/\/radiofenix.com.ar\/2023\/wp-json\/wp\/v2\/media?parent=158061"}],"wp:term":[{"taxonomy":"category","embeddable":true,"href":"https:\/\/radiofenix.com.ar\/2023\/wp-json\/wp\/v2\/categories?post=158061"},{"taxonomy":"post_tag","embeddable":true,"href":"https:\/\/radiofenix.com.ar\/2023\/wp-json\/wp\/v2\/tags?post=158061"}],"curies":[{"name":"wp","href":"https:\/\/api.w.org\/{rel}","templated":true}]}}