{"id":158071,"date":"2023-01-05T23:15:00","date_gmt":"2023-01-05T23:15:00","guid":{"rendered":"http:\/\/radiofenix.com.ar\/en-2023-no-pagaran-retenciones-las-exportaciones-de-autos-incrementales\/"},"modified":"2023-01-05T23:15:00","modified_gmt":"2023-01-05T23:15:00","slug":"en-2023-no-pagaran-retenciones-las-exportaciones-de-autos-incrementales","status":"publish","type":"post","link":"https:\/\/radiofenix.com.ar\/2023\/en-2023-no-pagaran-retenciones-las-exportaciones-de-autos-incrementales\/","title":{"rendered":"En 2023 no pagar\u00e1n retenciones las exportaciones de autos incrementales"},"content":{"rendered":"<p>El ministro de Econom\u00eda, Sergio Massa, mantuvo un encuentro con industriales de las terminales automotrices y estim\u00f3 que \u00aben 2023 se producir\u00e1n 620.000 veh\u00edculos\u00bb.<\/p>\n","protected":false},"excerpt":{"rendered":"<p>El ministro de Econom\u00eda, Sergio Massa, mantuvo un encuentro con industriales de las terminales automotrices&#8230;<\/p>\n","protected":false},"author":2,"featured_media":158072,"comment_status":"open","ping_status":"open","sticky":false,"template":"","format":"standard","meta":{"footnotes":""},"categories":[5],"tags":[],"class_list":["post-158071","post","type-post","status-publish","format-standard","has-post-thumbnail","hentry","category-economia"],"featured_image_urls":{"full":"","thumbnail":"","medium":"","medium_large":"","large":"","1536x1536":"","2048x2048":"","newsium-slider-full":"","newsium-featured":"","newsium-medium":""},"author_info":{"info":["c1500921"]},"category_info":"<a href=\"https:\/\/radiofenix.com.ar\/2023\/category\/economia\/\" rel=\"category tag\">Economia<\/a>","tag_info":"Economia","comment_count":"0","_links":{"self":[{"href":"https:\/\/radiofenix.com.ar\/2023\/wp-json\/wp\/v2\/posts\/158071","targetHints":{"allow":["GET"]}}],"collection":[{"href":"https:\/\/radiofenix.com.ar\/2023\/wp-json\/wp\/v2\/posts"}],"about":[{"href":"https:\/\/radiofenix.com.ar\/2023\/wp-json\/wp\/v2\/types\/post"}],"author":[{"embeddable":true,"href":"https:\/\/radiofenix.com.ar\/2023\/wp-json\/wp\/v2\/users\/2"}],"replies":[{"embeddable":true,"href":"https:\/\/radiofenix.com.ar\/2023\/wp-json\/wp\/v2\/comments?post=158071"}],"version-history":[{"count":0,"href":"https:\/\/radiofenix.com.ar\/2023\/wp-json\/wp\/v2\/posts\/158071\/revisions"}],"wp:featuredmedia":[{"embeddable":true,"href":"https:\/\/radiofenix.com.ar\/2023\/wp-json\/"}],"wp:attachment":[{"href":"https:\/\/radiofenix.com.ar\/2023\/wp-json\/wp\/v2\/media?parent=158071"}],"wp:term":[{"taxonomy":"category","embeddable":true,"href":"https:\/\/radiofenix.com.ar\/2023\/wp-json\/wp\/v2\/categories?post=158071"},{"taxonomy":"post_tag","embeddable":true,"href":"https:\/\/radiofenix.com.ar\/2023\/wp-json\/wp\/v2\/tags?post=158071"}],"curies":[{"name":"wp","href":"https:\/\/api.w.org\/{rel}","templated":true}]}}