{"id":158077,"date":"2023-01-05T22:06:00","date_gmt":"2023-01-05T22:06:00","guid":{"rendered":"http:\/\/radiofenix.com.ar\/la-afip-publico-las-escalas-y-los-minimos-no-imponibles-para-bienes-personales\/"},"modified":"2023-01-05T22:06:00","modified_gmt":"2023-01-05T22:06:00","slug":"la-afip-publico-las-escalas-y-los-minimos-no-imponibles-para-bienes-personales","status":"publish","type":"post","link":"https:\/\/radiofenix.com.ar\/2023\/la-afip-publico-las-escalas-y-los-minimos-no-imponibles-para-bienes-personales\/","title":{"rendered":"La AFIP public\u00f3 las escalas y los m\u00ednimos no imponibles para Bienes Personales"},"content":{"rendered":"<p>Se determinaron las alicuotas seg\u00fan el \u00cdndice de Precios al Consumidor (IPC) para la declaraci\u00f3n jurada correspondiente al per\u00edodo 2022, cuyo vencimiento es en junio de 2023.<\/p>\n","protected":false},"excerpt":{"rendered":"<p>Se determinaron las alicuotas seg\u00fan el \u00cdndice de Precios al Consumidor (IPC) para la declaraci\u00f3n&#8230;<\/p>\n","protected":false},"author":2,"featured_media":158078,"comment_status":"open","ping_status":"open","sticky":false,"template":"","format":"standard","meta":{"footnotes":""},"categories":[5],"tags":[],"class_list":["post-158077","post","type-post","status-publish","format-standard","has-post-thumbnail","hentry","category-economia"],"featured_image_urls":{"full":"","thumbnail":"","medium":"","medium_large":"","large":"","1536x1536":"","2048x2048":"","newsium-slider-full":"","newsium-featured":"","newsium-medium":""},"author_info":{"info":["c1500921"]},"category_info":"<a href=\"https:\/\/radiofenix.com.ar\/2023\/category\/economia\/\" rel=\"category tag\">Economia<\/a>","tag_info":"Economia","comment_count":"0","_links":{"self":[{"href":"https:\/\/radiofenix.com.ar\/2023\/wp-json\/wp\/v2\/posts\/158077","targetHints":{"allow":["GET"]}}],"collection":[{"href":"https:\/\/radiofenix.com.ar\/2023\/wp-json\/wp\/v2\/posts"}],"about":[{"href":"https:\/\/radiofenix.com.ar\/2023\/wp-json\/wp\/v2\/types\/post"}],"author":[{"embeddable":true,"href":"https:\/\/radiofenix.com.ar\/2023\/wp-json\/wp\/v2\/users\/2"}],"replies":[{"embeddable":true,"href":"https:\/\/radiofenix.com.ar\/2023\/wp-json\/wp\/v2\/comments?post=158077"}],"version-history":[{"count":0,"href":"https:\/\/radiofenix.com.ar\/2023\/wp-json\/wp\/v2\/posts\/158077\/revisions"}],"wp:featuredmedia":[{"embeddable":true,"href":"https:\/\/radiofenix.com.ar\/2023\/wp-json\/"}],"wp:attachment":[{"href":"https:\/\/radiofenix.com.ar\/2023\/wp-json\/wp\/v2\/media?parent=158077"}],"wp:term":[{"taxonomy":"category","embeddable":true,"href":"https:\/\/radiofenix.com.ar\/2023\/wp-json\/wp\/v2\/categories?post=158077"},{"taxonomy":"post_tag","embeddable":true,"href":"https:\/\/radiofenix.com.ar\/2023\/wp-json\/wp\/v2\/tags?post=158077"}],"curies":[{"name":"wp","href":"https:\/\/api.w.org\/{rel}","templated":true}]}}