{"id":158089,"date":"2023-01-06T00:02:00","date_gmt":"2023-01-06T00:02:00","guid":{"rendered":"http:\/\/radiofenix.com.ar\/un-juez-rechazo-una-demanda-contra-marilyn-manson-por-agresion-sexual\/"},"modified":"2023-01-06T00:02:00","modified_gmt":"2023-01-06T00:02:00","slug":"un-juez-rechazo-una-demanda-contra-marilyn-manson-por-agresion-sexual","status":"publish","type":"post","link":"https:\/\/radiofenix.com.ar\/2023\/un-juez-rechazo-una-demanda-contra-marilyn-manson-por-agresion-sexual\/","title":{"rendered":"Un juez rechaz\u00f3 una demanda contra Marilyn Manson por agresi\u00f3n sexual"},"content":{"rendered":"<p>Seg\u00fan public\u00f3 el diario Daily Mail, la resoluci\u00f3n fue tomada luego de que la denunciante despidiera a su abogado e incumpliera con los plazos para elegir una nueva representaci\u00f3n legal.Seg\u00fan public\u00f3 el diario Daily Mail, la resoluci\u00f3n fue tomada luego de que la denunciante despidiera a su abogado e incumpliera con los plazos para elegir una nueva representaci\u00f3n legal.<\/p>\n","protected":false},"excerpt":{"rendered":"<p>Seg\u00fan public\u00f3 el diario Daily Mail, la resoluci\u00f3n fue tomada luego de que la denunciante&#8230;<\/p>\n","protected":false},"author":2,"featured_media":158090,"comment_status":"open","ping_status":"open","sticky":false,"template":"","format":"standard","meta":{"footnotes":""},"categories":[4],"tags":[],"class_list":["post-158089","post","type-post","status-publish","format-standard","has-post-thumbnail","hentry","category-espectaculos"],"featured_image_urls":{"full":"","thumbnail":"","medium":"","medium_large":"","large":"","1536x1536":"","2048x2048":"","newsium-slider-full":"","newsium-featured":"","newsium-medium":""},"author_info":{"info":["c1500921"]},"category_info":"<a href=\"https:\/\/radiofenix.com.ar\/2023\/category\/espectaculos\/\" rel=\"category tag\">Espectaculos<\/a>","tag_info":"Espectaculos","comment_count":"0","_links":{"self":[{"href":"https:\/\/radiofenix.com.ar\/2023\/wp-json\/wp\/v2\/posts\/158089","targetHints":{"allow":["GET"]}}],"collection":[{"href":"https:\/\/radiofenix.com.ar\/2023\/wp-json\/wp\/v2\/posts"}],"about":[{"href":"https:\/\/radiofenix.com.ar\/2023\/wp-json\/wp\/v2\/types\/post"}],"author":[{"embeddable":true,"href":"https:\/\/radiofenix.com.ar\/2023\/wp-json\/wp\/v2\/users\/2"}],"replies":[{"embeddable":true,"href":"https:\/\/radiofenix.com.ar\/2023\/wp-json\/wp\/v2\/comments?post=158089"}],"version-history":[{"count":0,"href":"https:\/\/radiofenix.com.ar\/2023\/wp-json\/wp\/v2\/posts\/158089\/revisions"}],"wp:featuredmedia":[{"embeddable":true,"href":"https:\/\/radiofenix.com.ar\/2023\/wp-json\/"}],"wp:attachment":[{"href":"https:\/\/radiofenix.com.ar\/2023\/wp-json\/wp\/v2\/media?parent=158089"}],"wp:term":[{"taxonomy":"category","embeddable":true,"href":"https:\/\/radiofenix.com.ar\/2023\/wp-json\/wp\/v2\/categories?post=158089"},{"taxonomy":"post_tag","embeddable":true,"href":"https:\/\/radiofenix.com.ar\/2023\/wp-json\/wp\/v2\/tags?post=158089"}],"curies":[{"name":"wp","href":"https:\/\/api.w.org\/{rel}","templated":true}]}}