{"id":158091,"date":"2023-01-06T00:01:00","date_gmt":"2023-01-06T00:01:00","guid":{"rendered":"http:\/\/radiofenix.com.ar\/miley-cyrus-lanzara-en-marzo-su-nuevo-album-endless-summer-vacation\/"},"modified":"2023-01-06T00:01:00","modified_gmt":"2023-01-06T00:01:00","slug":"miley-cyrus-lanzara-en-marzo-su-nuevo-album-endless-summer-vacation","status":"publish","type":"post","link":"https:\/\/radiofenix.com.ar\/2023\/miley-cyrus-lanzara-en-marzo-su-nuevo-album-endless-summer-vacation\/","title":{"rendered":"Miley Cyrus lanzar\u00e1 en marzo su nuevo \u00e1lbum \u00abEndless Summer Vacation\u00bb"},"content":{"rendered":"<p>A trav\u00e9s de un adelanto publicado en las plataformas digitales, la artista multiplatino tambi\u00e9n confirm\u00f3 un primer single de adelanto, \u00abFlowers\u00bb\u00a0para el 13 de enero.A trav\u00e9s de un adelanto publicado en las plataformas digitales, la artista multiplatino tambi\u00e9n confirm\u00f3 un primer single de adelanto, \u00abFlowers\u00bb\u00a0para el 13 de enero.<\/p>\n","protected":false},"excerpt":{"rendered":"<p>A trav\u00e9s de un adelanto publicado en las plataformas digitales, la artista multiplatino tambi\u00e9n confirm\u00f3&#8230;<\/p>\n","protected":false},"author":2,"featured_media":158092,"comment_status":"open","ping_status":"open","sticky":false,"template":"","format":"standard","meta":{"footnotes":""},"categories":[4],"tags":[],"class_list":["post-158091","post","type-post","status-publish","format-standard","has-post-thumbnail","hentry","category-espectaculos"],"featured_image_urls":{"full":"","thumbnail":"","medium":"","medium_large":"","large":"","1536x1536":"","2048x2048":"","newsium-slider-full":"","newsium-featured":"","newsium-medium":""},"author_info":{"info":["c1500921"]},"category_info":"<a href=\"https:\/\/radiofenix.com.ar\/2023\/category\/espectaculos\/\" rel=\"category tag\">Espectaculos<\/a>","tag_info":"Espectaculos","comment_count":"0","_links":{"self":[{"href":"https:\/\/radiofenix.com.ar\/2023\/wp-json\/wp\/v2\/posts\/158091","targetHints":{"allow":["GET"]}}],"collection":[{"href":"https:\/\/radiofenix.com.ar\/2023\/wp-json\/wp\/v2\/posts"}],"about":[{"href":"https:\/\/radiofenix.com.ar\/2023\/wp-json\/wp\/v2\/types\/post"}],"author":[{"embeddable":true,"href":"https:\/\/radiofenix.com.ar\/2023\/wp-json\/wp\/v2\/users\/2"}],"replies":[{"embeddable":true,"href":"https:\/\/radiofenix.com.ar\/2023\/wp-json\/wp\/v2\/comments?post=158091"}],"version-history":[{"count":0,"href":"https:\/\/radiofenix.com.ar\/2023\/wp-json\/wp\/v2\/posts\/158091\/revisions"}],"wp:featuredmedia":[{"embeddable":true,"href":"https:\/\/radiofenix.com.ar\/2023\/wp-json\/"}],"wp:attachment":[{"href":"https:\/\/radiofenix.com.ar\/2023\/wp-json\/wp\/v2\/media?parent=158091"}],"wp:term":[{"taxonomy":"category","embeddable":true,"href":"https:\/\/radiofenix.com.ar\/2023\/wp-json\/wp\/v2\/categories?post=158091"},{"taxonomy":"post_tag","embeddable":true,"href":"https:\/\/radiofenix.com.ar\/2023\/wp-json\/wp\/v2\/tags?post=158091"}],"curies":[{"name":"wp","href":"https:\/\/api.w.org\/{rel}","templated":true}]}}