{"id":158093,"date":"2023-01-05T23:39:00","date_gmt":"2023-01-05T23:39:00","guid":{"rendered":"http:\/\/radiofenix.com.ar\/abel-pintos-cerrara-la-primera-noche-del-festival-nacional-de-doma-y-folclore\/"},"modified":"2023-01-05T23:39:00","modified_gmt":"2023-01-05T23:39:00","slug":"abel-pintos-cerrara-la-primera-noche-del-festival-nacional-de-doma-y-folclore","status":"publish","type":"post","link":"https:\/\/radiofenix.com.ar\/2023\/abel-pintos-cerrara-la-primera-noche-del-festival-nacional-de-doma-y-folclore\/","title":{"rendered":"Abel Pintos cerrar\u00e1 la primera noche del Festival Nacional de Doma y Folclore"},"content":{"rendered":"<p>Ser\u00e1 este viernes el n\u00famero art\u00edstico principal de la jornada inaugural del 57\u00b0 Festival Nacional de Doma y Folclore de Jes\u00fas Mar\u00eda, que se desarrollar\u00e1 en esa localidad de C\u00f3rdoba hasta el pr\u00f3ximo lunes 16.Ser\u00e1 este viernes el n\u00famero art\u00edstico principal de la jornada inaugural del 57\u00b0 Festival Nacional de Doma y Folclore de Jes\u00fas Mar\u00eda, que se desarrollar\u00e1 en esa localidad de C\u00f3rdoba hasta el pr\u00f3ximo lunes 16.<\/p>\n","protected":false},"excerpt":{"rendered":"<p>Ser\u00e1 este viernes el n\u00famero art\u00edstico principal de la jornada inaugural del 57\u00b0 Festival Nacional&#8230;<\/p>\n","protected":false},"author":2,"featured_media":158094,"comment_status":"open","ping_status":"open","sticky":false,"template":"","format":"standard","meta":{"footnotes":""},"categories":[4],"tags":[],"class_list":["post-158093","post","type-post","status-publish","format-standard","has-post-thumbnail","hentry","category-espectaculos"],"featured_image_urls":{"full":"","thumbnail":"","medium":"","medium_large":"","large":"","1536x1536":"","2048x2048":"","newsium-slider-full":"","newsium-featured":"","newsium-medium":""},"author_info":{"info":["c1500921"]},"category_info":"<a href=\"https:\/\/radiofenix.com.ar\/2023\/category\/espectaculos\/\" rel=\"category tag\">Espectaculos<\/a>","tag_info":"Espectaculos","comment_count":"0","_links":{"self":[{"href":"https:\/\/radiofenix.com.ar\/2023\/wp-json\/wp\/v2\/posts\/158093","targetHints":{"allow":["GET"]}}],"collection":[{"href":"https:\/\/radiofenix.com.ar\/2023\/wp-json\/wp\/v2\/posts"}],"about":[{"href":"https:\/\/radiofenix.com.ar\/2023\/wp-json\/wp\/v2\/types\/post"}],"author":[{"embeddable":true,"href":"https:\/\/radiofenix.com.ar\/2023\/wp-json\/wp\/v2\/users\/2"}],"replies":[{"embeddable":true,"href":"https:\/\/radiofenix.com.ar\/2023\/wp-json\/wp\/v2\/comments?post=158093"}],"version-history":[{"count":0,"href":"https:\/\/radiofenix.com.ar\/2023\/wp-json\/wp\/v2\/posts\/158093\/revisions"}],"wp:featuredmedia":[{"embeddable":true,"href":"https:\/\/radiofenix.com.ar\/2023\/wp-json\/"}],"wp:attachment":[{"href":"https:\/\/radiofenix.com.ar\/2023\/wp-json\/wp\/v2\/media?parent=158093"}],"wp:term":[{"taxonomy":"category","embeddable":true,"href":"https:\/\/radiofenix.com.ar\/2023\/wp-json\/wp\/v2\/categories?post=158093"},{"taxonomy":"post_tag","embeddable":true,"href":"https:\/\/radiofenix.com.ar\/2023\/wp-json\/wp\/v2\/tags?post=158093"}],"curies":[{"name":"wp","href":"https:\/\/api.w.org\/{rel}","templated":true}]}}