{"id":158095,"date":"2023-01-06T01:04:44","date_gmt":"2023-01-06T01:04:44","guid":{"rendered":"http:\/\/radiofenix.com.ar\/radicales-pidieron-el-pronunciamiento-de-la-convencion-de-la-ucr-ante-el-caso-de-los-chats\/"},"modified":"2023-01-06T01:04:44","modified_gmt":"2023-01-06T01:04:44","slug":"radicales-pidieron-el-pronunciamiento-de-la-convencion-de-la-ucr-ante-el-caso-de-los-chats","status":"publish","type":"post","link":"https:\/\/radiofenix.com.ar\/2023\/radicales-pidieron-el-pronunciamiento-de-la-convencion-de-la-ucr-ante-el-caso-de-los-chats\/","title":{"rendered":"Radicales pidieron el pronunciamiento de la Convenci\u00f3n de la UCR ante el caso de los chats"},"content":{"rendered":"<p>Un grupo de dirigentes del partido le solicit\u00f3 al presidente Gast\u00f3n Manes, su postura sobre los intercambios de mensajes que tiene como actor principal al ministro de Justicia y Seguridad porte\u00f1o, Marcelo D&#039;Alessandro.\u00a0\u00abLa \u00fanica forma de despejar esas sombras es exhibir ante la opini\u00f3n p\u00fablica la real naturaleza de los hechos\u00bb, expresaron.Un grupo de dirigentes del partido le solicit\u00f3 al presidente Gast\u00f3n Manes, su postura sobre los intercambios de mensajes que tiene como actor principal al ministro de Justicia y Seguridad porte\u00f1o, Marcelo D&#039;Alessandro.\u00a0\u00abLa \u00fanica forma de despejar esas sombras es exhibir ante la opini\u00f3n p\u00fablica la real naturaleza de los hechos\u00bb, expresaron.<\/p>\n","protected":false},"excerpt":{"rendered":"<p>Un grupo de dirigentes del partido le solicit\u00f3 al presidente Gast\u00f3n Manes, su postura sobre&#8230;<\/p>\n","protected":false},"author":2,"featured_media":158096,"comment_status":"open","ping_status":"open","sticky":false,"template":"","format":"standard","meta":{"footnotes":""},"categories":[2],"tags":[],"class_list":["post-158095","post","type-post","status-publish","format-standard","has-post-thumbnail","hentry","category-politica"],"featured_image_urls":{"full":"","thumbnail":"","medium":"","medium_large":"","large":"","1536x1536":"","2048x2048":"","newsium-slider-full":"","newsium-featured":"","newsium-medium":""},"author_info":{"info":["c1500921"]},"category_info":"<a href=\"https:\/\/radiofenix.com.ar\/2023\/category\/politica\/\" rel=\"category tag\">Pol\u00edtica<\/a>","tag_info":"Pol\u00edtica","comment_count":"0","_links":{"self":[{"href":"https:\/\/radiofenix.com.ar\/2023\/wp-json\/wp\/v2\/posts\/158095","targetHints":{"allow":["GET"]}}],"collection":[{"href":"https:\/\/radiofenix.com.ar\/2023\/wp-json\/wp\/v2\/posts"}],"about":[{"href":"https:\/\/radiofenix.com.ar\/2023\/wp-json\/wp\/v2\/types\/post"}],"author":[{"embeddable":true,"href":"https:\/\/radiofenix.com.ar\/2023\/wp-json\/wp\/v2\/users\/2"}],"replies":[{"embeddable":true,"href":"https:\/\/radiofenix.com.ar\/2023\/wp-json\/wp\/v2\/comments?post=158095"}],"version-history":[{"count":0,"href":"https:\/\/radiofenix.com.ar\/2023\/wp-json\/wp\/v2\/posts\/158095\/revisions"}],"wp:featuredmedia":[{"embeddable":true,"href":"https:\/\/radiofenix.com.ar\/2023\/wp-json\/"}],"wp:attachment":[{"href":"https:\/\/radiofenix.com.ar\/2023\/wp-json\/wp\/v2\/media?parent=158095"}],"wp:term":[{"taxonomy":"category","embeddable":true,"href":"https:\/\/radiofenix.com.ar\/2023\/wp-json\/wp\/v2\/categories?post=158095"},{"taxonomy":"post_tag","embeddable":true,"href":"https:\/\/radiofenix.com.ar\/2023\/wp-json\/wp\/v2\/tags?post=158095"}],"curies":[{"name":"wp","href":"https:\/\/api.w.org\/{rel}","templated":true}]}}