{"id":158133,"date":"2023-01-06T16:06:38","date_gmt":"2023-01-06T16:06:38","guid":{"rendered":"http:\/\/radiofenix.com.ar\/para-kicillof-clarin-quiere-ocultar-la-gravedad-de-lo-que-pasa-con-la-corte\/"},"modified":"2023-01-06T16:06:38","modified_gmt":"2023-01-06T16:06:38","slug":"para-kicillof-clarin-quiere-ocultar-la-gravedad-de-lo-que-pasa-con-la-corte","status":"publish","type":"post","link":"https:\/\/radiofenix.com.ar\/2023\/para-kicillof-clarin-quiere-ocultar-la-gravedad-de-lo-que-pasa-con-la-corte\/","title":{"rendered":"Para Kicillof, Clar\u00edn \u00abquiere ocultar la gravedad de lo que pasa con la Corte\u00bb"},"content":{"rendered":"<p>El gobernador de Buenos Aires cuestion\u00f3 \u00ablos m\u00e9todos de desinformaci\u00f3n de (H\u00e9ctor) Magnetto\u00bb\u00a0a ra\u00edz de un t\u00edtulo sobre el pedido de juicio pol\u00edtico a los integrantes del m\u00e1ximo tribunal que consider\u00f3 \u00abrid\u00edculo\u00bb.El gobernador de Buenos Aires cuestion\u00f3 \u00ablos m\u00e9todos de desinformaci\u00f3n de (H\u00e9ctor) Magnetto\u00bb\u00a0a ra\u00edz de un t\u00edtulo sobre el pedido de juicio pol\u00edtico a los integrantes del m\u00e1ximo tribunal que consider\u00f3 \u00abrid\u00edculo\u00bb.<\/p>\n","protected":false},"excerpt":{"rendered":"<p>El gobernador de Buenos Aires cuestion\u00f3 \u00ablos m\u00e9todos de desinformaci\u00f3n de (H\u00e9ctor) Magnetto\u00bb\u00a0a ra\u00edz de&#8230;<\/p>\n","protected":false},"author":2,"featured_media":158134,"comment_status":"open","ping_status":"open","sticky":false,"template":"","format":"standard","meta":{"footnotes":""},"categories":[2],"tags":[],"class_list":["post-158133","post","type-post","status-publish","format-standard","has-post-thumbnail","hentry","category-politica"],"featured_image_urls":{"full":"","thumbnail":"","medium":"","medium_large":"","large":"","1536x1536":"","2048x2048":"","newsium-slider-full":"","newsium-featured":"","newsium-medium":""},"author_info":{"info":["c1500921"]},"category_info":"<a href=\"https:\/\/radiofenix.com.ar\/2023\/category\/politica\/\" rel=\"category tag\">Pol\u00edtica<\/a>","tag_info":"Pol\u00edtica","comment_count":"0","_links":{"self":[{"href":"https:\/\/radiofenix.com.ar\/2023\/wp-json\/wp\/v2\/posts\/158133","targetHints":{"allow":["GET"]}}],"collection":[{"href":"https:\/\/radiofenix.com.ar\/2023\/wp-json\/wp\/v2\/posts"}],"about":[{"href":"https:\/\/radiofenix.com.ar\/2023\/wp-json\/wp\/v2\/types\/post"}],"author":[{"embeddable":true,"href":"https:\/\/radiofenix.com.ar\/2023\/wp-json\/wp\/v2\/users\/2"}],"replies":[{"embeddable":true,"href":"https:\/\/radiofenix.com.ar\/2023\/wp-json\/wp\/v2\/comments?post=158133"}],"version-history":[{"count":0,"href":"https:\/\/radiofenix.com.ar\/2023\/wp-json\/wp\/v2\/posts\/158133\/revisions"}],"wp:featuredmedia":[{"embeddable":true,"href":"https:\/\/radiofenix.com.ar\/2023\/wp-json\/"}],"wp:attachment":[{"href":"https:\/\/radiofenix.com.ar\/2023\/wp-json\/wp\/v2\/media?parent=158133"}],"wp:term":[{"taxonomy":"category","embeddable":true,"href":"https:\/\/radiofenix.com.ar\/2023\/wp-json\/wp\/v2\/categories?post=158133"},{"taxonomy":"post_tag","embeddable":true,"href":"https:\/\/radiofenix.com.ar\/2023\/wp-json\/wp\/v2\/tags?post=158133"}],"curies":[{"name":"wp","href":"https:\/\/api.w.org\/{rel}","templated":true}]}}