{"id":158135,"date":"2023-01-06T16:06:39","date_gmt":"2023-01-06T16:06:39","guid":{"rendered":"http:\/\/radiofenix.com.ar\/ferraresi-afirmo-que-el-fdt-mantiene-la-aspiracion-de-que-cristina-pueda-ser-candidata\/"},"modified":"2023-01-06T16:06:39","modified_gmt":"2023-01-06T16:06:39","slug":"ferraresi-afirmo-que-el-fdt-mantiene-la-aspiracion-de-que-cristina-pueda-ser-candidata","status":"publish","type":"post","link":"https:\/\/radiofenix.com.ar\/2023\/ferraresi-afirmo-que-el-fdt-mantiene-la-aspiracion-de-que-cristina-pueda-ser-candidata\/","title":{"rendered":"Ferraresi afirm\u00f3 que el FdT mantiene \u00abla aspiraci\u00f3n\u00bb de que Cristina pueda ser candidata"},"content":{"rendered":"<p>&amp;ldquo;Me quedo con la frase de Cristina &#039;voy a hacer lo que tenga que hacer&#039;\u00bb, dijo el intendente de Avellaneda. La exmandataria hab\u00eda anunciado que no se presentar\u00e1 para los comicios de este a\u00f1o porque se sent\u00eda \u00abproscripta\u00bb, luego de ser condenada en diciembre a seis a\u00f1os de prisi\u00f3n e inhabilitaci\u00f3n perpetua para ejercer cargos p\u00fabicos en la sentencia del juicio de la causa \u00abVialidad\u00bb.&amp;ldquo;Me quedo con la frase de Cristina &#039;voy a hacer lo que tenga que hacer&#039;\u00bb, dijo el intendente de Avellaneda. La exmandataria hab\u00eda anunciado que no se presentar\u00e1 para los comicios de este a\u00f1o porque se sent\u00eda \u00abproscripta\u00bb, luego de ser condenada en diciembre a seis a\u00f1os de prisi\u00f3n e inhabilitaci\u00f3n perpetua para ejercer cargos p\u00fabicos en la sentencia del juicio de la causa \u00abVialidad\u00bb.<\/p>\n","protected":false},"excerpt":{"rendered":"<p>&amp;ldquo;Me quedo con la frase de Cristina &#039;voy a hacer lo que tenga que hacer&#039;\u00bb,&#8230;<\/p>\n","protected":false},"author":2,"featured_media":158136,"comment_status":"open","ping_status":"open","sticky":false,"template":"","format":"standard","meta":{"footnotes":""},"categories":[2],"tags":[],"class_list":["post-158135","post","type-post","status-publish","format-standard","has-post-thumbnail","hentry","category-politica"],"featured_image_urls":{"full":"","thumbnail":"","medium":"","medium_large":"","large":"","1536x1536":"","2048x2048":"","newsium-slider-full":"","newsium-featured":"","newsium-medium":""},"author_info":{"info":["c1500921"]},"category_info":"<a href=\"https:\/\/radiofenix.com.ar\/2023\/category\/politica\/\" rel=\"category tag\">Pol\u00edtica<\/a>","tag_info":"Pol\u00edtica","comment_count":"0","_links":{"self":[{"href":"https:\/\/radiofenix.com.ar\/2023\/wp-json\/wp\/v2\/posts\/158135","targetHints":{"allow":["GET"]}}],"collection":[{"href":"https:\/\/radiofenix.com.ar\/2023\/wp-json\/wp\/v2\/posts"}],"about":[{"href":"https:\/\/radiofenix.com.ar\/2023\/wp-json\/wp\/v2\/types\/post"}],"author":[{"embeddable":true,"href":"https:\/\/radiofenix.com.ar\/2023\/wp-json\/wp\/v2\/users\/2"}],"replies":[{"embeddable":true,"href":"https:\/\/radiofenix.com.ar\/2023\/wp-json\/wp\/v2\/comments?post=158135"}],"version-history":[{"count":0,"href":"https:\/\/radiofenix.com.ar\/2023\/wp-json\/wp\/v2\/posts\/158135\/revisions"}],"wp:featuredmedia":[{"embeddable":true,"href":"https:\/\/radiofenix.com.ar\/2023\/wp-json\/"}],"wp:attachment":[{"href":"https:\/\/radiofenix.com.ar\/2023\/wp-json\/wp\/v2\/media?parent=158135"}],"wp:term":[{"taxonomy":"category","embeddable":true,"href":"https:\/\/radiofenix.com.ar\/2023\/wp-json\/wp\/v2\/categories?post=158135"},{"taxonomy":"post_tag","embeddable":true,"href":"https:\/\/radiofenix.com.ar\/2023\/wp-json\/wp\/v2\/tags?post=158135"}],"curies":[{"name":"wp","href":"https:\/\/api.w.org\/{rel}","templated":true}]}}