{"id":158137,"date":"2023-01-06T16:06:39","date_gmt":"2023-01-06T16:06:39","guid":{"rendered":"http:\/\/radiofenix.com.ar\/german-martinez-confia-en-que-aumente-el-consenso-a-medida-que-avance-el-proceso\/"},"modified":"2023-01-06T16:06:39","modified_gmt":"2023-01-06T16:06:39","slug":"german-martinez-confia-en-que-aumente-el-consenso-a-medida-que-avance-el-proceso","status":"publish","type":"post","link":"https:\/\/radiofenix.com.ar\/2023\/german-martinez-confia-en-que-aumente-el-consenso-a-medida-que-avance-el-proceso\/","title":{"rendered":"Germ\u00e1n Mart\u00ednez conf\u00eda en que aumente el consenso a medida que avance el proceso"},"content":{"rendered":"<p>El presidente del bloque de Diputados del Frente de Todos propuso \u00abun\u00a0tramite con seriedad, argumentos y sin chicanas\u00bb, y cuestion\u00f3 la \u00abactitud discrecional\u00bb del m\u00e1ximo tribunal del pa\u00eds.El presidente del bloque de Diputados del Frente de Todos propuso \u00abun\u00a0tramite con seriedad, argumentos y sin chicanas\u00bb, y cuestion\u00f3 la \u00abactitud discrecional\u00bb del m\u00e1ximo tribunal del pa\u00eds.<\/p>\n","protected":false},"excerpt":{"rendered":"<p>El presidente del bloque de Diputados del Frente de Todos propuso \u00abun\u00a0tramite con seriedad, argumentos&#8230;<\/p>\n","protected":false},"author":2,"featured_media":158138,"comment_status":"open","ping_status":"open","sticky":false,"template":"","format":"standard","meta":{"footnotes":""},"categories":[2],"tags":[],"class_list":["post-158137","post","type-post","status-publish","format-standard","has-post-thumbnail","hentry","category-politica"],"featured_image_urls":{"full":"","thumbnail":"","medium":"","medium_large":"","large":"","1536x1536":"","2048x2048":"","newsium-slider-full":"","newsium-featured":"","newsium-medium":""},"author_info":{"info":["c1500921"]},"category_info":"<a href=\"https:\/\/radiofenix.com.ar\/2023\/category\/politica\/\" rel=\"category tag\">Pol\u00edtica<\/a>","tag_info":"Pol\u00edtica","comment_count":"0","_links":{"self":[{"href":"https:\/\/radiofenix.com.ar\/2023\/wp-json\/wp\/v2\/posts\/158137","targetHints":{"allow":["GET"]}}],"collection":[{"href":"https:\/\/radiofenix.com.ar\/2023\/wp-json\/wp\/v2\/posts"}],"about":[{"href":"https:\/\/radiofenix.com.ar\/2023\/wp-json\/wp\/v2\/types\/post"}],"author":[{"embeddable":true,"href":"https:\/\/radiofenix.com.ar\/2023\/wp-json\/wp\/v2\/users\/2"}],"replies":[{"embeddable":true,"href":"https:\/\/radiofenix.com.ar\/2023\/wp-json\/wp\/v2\/comments?post=158137"}],"version-history":[{"count":0,"href":"https:\/\/radiofenix.com.ar\/2023\/wp-json\/wp\/v2\/posts\/158137\/revisions"}],"wp:featuredmedia":[{"embeddable":true,"href":"https:\/\/radiofenix.com.ar\/2023\/wp-json\/"}],"wp:attachment":[{"href":"https:\/\/radiofenix.com.ar\/2023\/wp-json\/wp\/v2\/media?parent=158137"}],"wp:term":[{"taxonomy":"category","embeddable":true,"href":"https:\/\/radiofenix.com.ar\/2023\/wp-json\/wp\/v2\/categories?post=158137"},{"taxonomy":"post_tag","embeddable":true,"href":"https:\/\/radiofenix.com.ar\/2023\/wp-json\/wp\/v2\/tags?post=158137"}],"curies":[{"name":"wp","href":"https:\/\/api.w.org\/{rel}","templated":true}]}}