{"id":158145,"date":"2023-01-06T17:25:00","date_gmt":"2023-01-06T17:25:00","guid":{"rendered":"http:\/\/radiofenix.com.ar\/argentina-1985-prenominada-a-mejor-pelicula-de-habla-no-inglesa-en-los-bafta\/"},"modified":"2023-01-06T17:25:00","modified_gmt":"2023-01-06T17:25:00","slug":"argentina-1985-prenominada-a-mejor-pelicula-de-habla-no-inglesa-en-los-bafta","status":"publish","type":"post","link":"https:\/\/radiofenix.com.ar\/2023\/argentina-1985-prenominada-a-mejor-pelicula-de-habla-no-inglesa-en-los-bafta\/","title":{"rendered":"\u00abArgentina, 1985\u00bb, prenominada a Mejor pel\u00edcula de habla no inglesa en los Bafta"},"content":{"rendered":"<p>El filme dirigido por Santiago Mitre qued\u00f3 preseleccionada en la categor\u00eda de Mejor pel\u00edcula de habla no inglesa en la 76ta. edici\u00f3n de los premios Bafta del cine brit\u00e1nico, que se llevar\u00e1n a cabo el pr\u00f3ximo 19 de febrero.El filme dirigido por Santiago Mitre qued\u00f3 preseleccionada en la categor\u00eda de Mejor pel\u00edcula de habla no inglesa en la 76ta. edici\u00f3n de los premios Bafta del cine brit\u00e1nico, que se llevar\u00e1n a cabo el pr\u00f3ximo 19 de febrero.<\/p>\n","protected":false},"excerpt":{"rendered":"<p>El filme dirigido por Santiago Mitre qued\u00f3 preseleccionada en la categor\u00eda de Mejor pel\u00edcula de&#8230;<\/p>\n","protected":false},"author":2,"featured_media":158146,"comment_status":"open","ping_status":"open","sticky":false,"template":"","format":"standard","meta":{"footnotes":""},"categories":[4],"tags":[],"class_list":["post-158145","post","type-post","status-publish","format-standard","has-post-thumbnail","hentry","category-espectaculos"],"featured_image_urls":{"full":"","thumbnail":"","medium":"","medium_large":"","large":"","1536x1536":"","2048x2048":"","newsium-slider-full":"","newsium-featured":"","newsium-medium":""},"author_info":{"info":["c1500921"]},"category_info":"<a href=\"https:\/\/radiofenix.com.ar\/2023\/category\/espectaculos\/\" rel=\"category tag\">Espectaculos<\/a>","tag_info":"Espectaculos","comment_count":"0","_links":{"self":[{"href":"https:\/\/radiofenix.com.ar\/2023\/wp-json\/wp\/v2\/posts\/158145","targetHints":{"allow":["GET"]}}],"collection":[{"href":"https:\/\/radiofenix.com.ar\/2023\/wp-json\/wp\/v2\/posts"}],"about":[{"href":"https:\/\/radiofenix.com.ar\/2023\/wp-json\/wp\/v2\/types\/post"}],"author":[{"embeddable":true,"href":"https:\/\/radiofenix.com.ar\/2023\/wp-json\/wp\/v2\/users\/2"}],"replies":[{"embeddable":true,"href":"https:\/\/radiofenix.com.ar\/2023\/wp-json\/wp\/v2\/comments?post=158145"}],"version-history":[{"count":0,"href":"https:\/\/radiofenix.com.ar\/2023\/wp-json\/wp\/v2\/posts\/158145\/revisions"}],"wp:featuredmedia":[{"embeddable":true,"href":"https:\/\/radiofenix.com.ar\/2023\/wp-json\/"}],"wp:attachment":[{"href":"https:\/\/radiofenix.com.ar\/2023\/wp-json\/wp\/v2\/media?parent=158145"}],"wp:term":[{"taxonomy":"category","embeddable":true,"href":"https:\/\/radiofenix.com.ar\/2023\/wp-json\/wp\/v2\/categories?post=158145"},{"taxonomy":"post_tag","embeddable":true,"href":"https:\/\/radiofenix.com.ar\/2023\/wp-json\/wp\/v2\/tags?post=158145"}],"curies":[{"name":"wp","href":"https:\/\/api.w.org\/{rel}","templated":true}]}}