{"id":158167,"date":"2023-01-06T19:04:30","date_gmt":"2023-01-06T19:04:30","guid":{"rendered":"http:\/\/radiofenix.com.ar\/el-gobierno-denuncio-penalmente-a-dalessandro-2\/"},"modified":"2023-01-06T19:04:30","modified_gmt":"2023-01-06T19:04:30","slug":"el-gobierno-denuncio-penalmente-a-dalessandro-2","status":"publish","type":"post","link":"https:\/\/radiofenix.com.ar\/2023\/el-gobierno-denuncio-penalmente-a-dalessandro-2\/","title":{"rendered":"El Gobierno denunci\u00f3 penalmente a D\u2019Alessandro"},"content":{"rendered":"<p>La presentaci\u00f3n fue realizada por el\u00a0ministro de Justicia y Derechos Humanos, Mart\u00edn Soria, quien por instrucci\u00f3n del presidente Alberto Fern\u00e1ndez le pide a la Justicia que investigue al fuincionario porte\u00f1o por los delitos de\u00a0incumplimiento de deberes de funcionario p\u00fablico, cohecho y peculado, entre otros.La presentaci\u00f3n fue realizada por el\u00a0ministro de Justicia y Derechos Humanos, Mart\u00edn Soria, quien por instrucci\u00f3n del presidente Alberto Fern\u00e1ndez le pide a la Justicia que investigue al fuincionario porte\u00f1o por los delitos de\u00a0incumplimiento de deberes de funcionario p\u00fablico, cohecho y peculado, entre otros.<\/p>\n","protected":false},"excerpt":{"rendered":"<p>La presentaci\u00f3n fue realizada por el\u00a0ministro de Justicia y Derechos Humanos, Mart\u00edn Soria, quien por&#8230;<\/p>\n","protected":false},"author":2,"featured_media":158168,"comment_status":"open","ping_status":"open","sticky":false,"template":"","format":"standard","meta":{"footnotes":""},"categories":[2],"tags":[],"class_list":["post-158167","post","type-post","status-publish","format-standard","has-post-thumbnail","hentry","category-politica"],"featured_image_urls":{"full":"","thumbnail":"","medium":"","medium_large":"","large":"","1536x1536":"","2048x2048":"","newsium-slider-full":"","newsium-featured":"","newsium-medium":""},"author_info":{"info":["c1500921"]},"category_info":"<a href=\"https:\/\/radiofenix.com.ar\/2023\/category\/politica\/\" rel=\"category tag\">Pol\u00edtica<\/a>","tag_info":"Pol\u00edtica","comment_count":"0","_links":{"self":[{"href":"https:\/\/radiofenix.com.ar\/2023\/wp-json\/wp\/v2\/posts\/158167","targetHints":{"allow":["GET"]}}],"collection":[{"href":"https:\/\/radiofenix.com.ar\/2023\/wp-json\/wp\/v2\/posts"}],"about":[{"href":"https:\/\/radiofenix.com.ar\/2023\/wp-json\/wp\/v2\/types\/post"}],"author":[{"embeddable":true,"href":"https:\/\/radiofenix.com.ar\/2023\/wp-json\/wp\/v2\/users\/2"}],"replies":[{"embeddable":true,"href":"https:\/\/radiofenix.com.ar\/2023\/wp-json\/wp\/v2\/comments?post=158167"}],"version-history":[{"count":0,"href":"https:\/\/radiofenix.com.ar\/2023\/wp-json\/wp\/v2\/posts\/158167\/revisions"}],"wp:featuredmedia":[{"embeddable":true,"href":"https:\/\/radiofenix.com.ar\/2023\/wp-json\/"}],"wp:attachment":[{"href":"https:\/\/radiofenix.com.ar\/2023\/wp-json\/wp\/v2\/media?parent=158167"}],"wp:term":[{"taxonomy":"category","embeddable":true,"href":"https:\/\/radiofenix.com.ar\/2023\/wp-json\/wp\/v2\/categories?post=158167"},{"taxonomy":"post_tag","embeddable":true,"href":"https:\/\/radiofenix.com.ar\/2023\/wp-json\/wp\/v2\/tags?post=158167"}],"curies":[{"name":"wp","href":"https:\/\/api.w.org\/{rel}","templated":true}]}}