{"id":158171,"date":"2023-01-06T19:04:33","date_gmt":"2023-01-06T19:04:33","guid":{"rendered":"http:\/\/radiofenix.com.ar\/luciano-benavides-y-andujar-las-victorias-argentinas-en-la-sexta-etapa-del-dakar\/"},"modified":"2023-01-06T19:04:33","modified_gmt":"2023-01-06T19:04:33","slug":"luciano-benavides-y-andujar-las-victorias-argentinas-en-la-sexta-etapa-del-dakar","status":"publish","type":"post","link":"https:\/\/radiofenix.com.ar\/2023\/luciano-benavides-y-andujar-las-victorias-argentinas-en-la-sexta-etapa-del-dakar\/","title":{"rendered":"Luciano Benavides y And\u00fajar, las victorias argentinas en la sexta etapa del Dakar"},"content":{"rendered":"<p>El salte\u00f1o de 27 a\u00f1os\u00a0aventaj\u00f3 por 56 segundos a su compa\u00f1ero de escuder\u00eda y l\u00edder de la clasificaci\u00f3n general, el estadounidense Skyler Howes. En la categor\u00eda de quads,\u00a0el campe\u00f3n 2021 Manuel And\u00fajar le dio a Argentina la segunda victoria consecutiva.<\/p>\n","protected":false},"excerpt":{"rendered":"<p>El salte\u00f1o de 27 a\u00f1os\u00a0aventaj\u00f3 por 56 segundos a su compa\u00f1ero de escuder\u00eda y l\u00edder&#8230;<\/p>\n","protected":false},"author":2,"featured_media":158172,"comment_status":"open","ping_status":"open","sticky":false,"template":"","format":"standard","meta":{"footnotes":""},"categories":[3],"tags":[],"class_list":["post-158171","post","type-post","status-publish","format-standard","has-post-thumbnail","hentry","category-deportes"],"featured_image_urls":{"full":"","thumbnail":"","medium":"","medium_large":"","large":"","1536x1536":"","2048x2048":"","newsium-slider-full":"","newsium-featured":"","newsium-medium":""},"author_info":{"info":["c1500921"]},"category_info":"<a href=\"https:\/\/radiofenix.com.ar\/2023\/category\/deportes\/\" rel=\"category tag\">Deportes<\/a>","tag_info":"Deportes","comment_count":"0","_links":{"self":[{"href":"https:\/\/radiofenix.com.ar\/2023\/wp-json\/wp\/v2\/posts\/158171","targetHints":{"allow":["GET"]}}],"collection":[{"href":"https:\/\/radiofenix.com.ar\/2023\/wp-json\/wp\/v2\/posts"}],"about":[{"href":"https:\/\/radiofenix.com.ar\/2023\/wp-json\/wp\/v2\/types\/post"}],"author":[{"embeddable":true,"href":"https:\/\/radiofenix.com.ar\/2023\/wp-json\/wp\/v2\/users\/2"}],"replies":[{"embeddable":true,"href":"https:\/\/radiofenix.com.ar\/2023\/wp-json\/wp\/v2\/comments?post=158171"}],"version-history":[{"count":0,"href":"https:\/\/radiofenix.com.ar\/2023\/wp-json\/wp\/v2\/posts\/158171\/revisions"}],"wp:featuredmedia":[{"embeddable":true,"href":"https:\/\/radiofenix.com.ar\/2023\/wp-json\/"}],"wp:attachment":[{"href":"https:\/\/radiofenix.com.ar\/2023\/wp-json\/wp\/v2\/media?parent=158171"}],"wp:term":[{"taxonomy":"category","embeddable":true,"href":"https:\/\/radiofenix.com.ar\/2023\/wp-json\/wp\/v2\/categories?post=158171"},{"taxonomy":"post_tag","embeddable":true,"href":"https:\/\/radiofenix.com.ar\/2023\/wp-json\/wp\/v2\/tags?post=158171"}],"curies":[{"name":"wp","href":"https:\/\/api.w.org\/{rel}","templated":true}]}}