{"id":158175,"date":"2023-01-06T19:27:00","date_gmt":"2023-01-06T19:27:00","guid":{"rendered":"http:\/\/radiofenix.com.ar\/tras-su-exito-en-el-debut-merlina-confirma-su-segunda-temporada\/"},"modified":"2023-01-06T19:27:00","modified_gmt":"2023-01-06T19:27:00","slug":"tras-su-exito-en-el-debut-merlina-confirma-su-segunda-temporada","status":"publish","type":"post","link":"https:\/\/radiofenix.com.ar\/2023\/tras-su-exito-en-el-debut-merlina-confirma-su-segunda-temporada\/","title":{"rendered":"Tras su \u00e9xito en el debut, \u00abMerlina\u00bb confirma su segunda temporada"},"content":{"rendered":"<p>La historia que narra el paso por el colegio secundario de la macabra adolescente del l\u00fagubre y c\u00f3mico universo de \u00abLos locos Addams\u00bb\u00a0fue una de las series m\u00e1s vistas de Netflix.La historia que narra el paso por el colegio secundario de la macabra adolescente del l\u00fagubre y c\u00f3mico universo de \u00abLos locos Addams\u00bb\u00a0fue una de las series m\u00e1s vistas de Netflix.<\/p>\n","protected":false},"excerpt":{"rendered":"<p>La historia que narra el paso por el colegio secundario de la macabra adolescente del&#8230;<\/p>\n","protected":false},"author":2,"featured_media":158176,"comment_status":"open","ping_status":"open","sticky":false,"template":"","format":"standard","meta":{"footnotes":""},"categories":[4],"tags":[],"class_list":["post-158175","post","type-post","status-publish","format-standard","has-post-thumbnail","hentry","category-espectaculos"],"featured_image_urls":{"full":"","thumbnail":"","medium":"","medium_large":"","large":"","1536x1536":"","2048x2048":"","newsium-slider-full":"","newsium-featured":"","newsium-medium":""},"author_info":{"info":["c1500921"]},"category_info":"<a href=\"https:\/\/radiofenix.com.ar\/2023\/category\/espectaculos\/\" rel=\"category tag\">Espectaculos<\/a>","tag_info":"Espectaculos","comment_count":"0","_links":{"self":[{"href":"https:\/\/radiofenix.com.ar\/2023\/wp-json\/wp\/v2\/posts\/158175","targetHints":{"allow":["GET"]}}],"collection":[{"href":"https:\/\/radiofenix.com.ar\/2023\/wp-json\/wp\/v2\/posts"}],"about":[{"href":"https:\/\/radiofenix.com.ar\/2023\/wp-json\/wp\/v2\/types\/post"}],"author":[{"embeddable":true,"href":"https:\/\/radiofenix.com.ar\/2023\/wp-json\/wp\/v2\/users\/2"}],"replies":[{"embeddable":true,"href":"https:\/\/radiofenix.com.ar\/2023\/wp-json\/wp\/v2\/comments?post=158175"}],"version-history":[{"count":0,"href":"https:\/\/radiofenix.com.ar\/2023\/wp-json\/wp\/v2\/posts\/158175\/revisions"}],"wp:featuredmedia":[{"embeddable":true,"href":"https:\/\/radiofenix.com.ar\/2023\/wp-json\/"}],"wp:attachment":[{"href":"https:\/\/radiofenix.com.ar\/2023\/wp-json\/wp\/v2\/media?parent=158175"}],"wp:term":[{"taxonomy":"category","embeddable":true,"href":"https:\/\/radiofenix.com.ar\/2023\/wp-json\/wp\/v2\/categories?post=158175"},{"taxonomy":"post_tag","embeddable":true,"href":"https:\/\/radiofenix.com.ar\/2023\/wp-json\/wp\/v2\/tags?post=158175"}],"curies":[{"name":"wp","href":"https:\/\/api.w.org\/{rel}","templated":true}]}}