{"id":158181,"date":"2023-01-06T21:04:03","date_gmt":"2023-01-06T21:04:03","guid":{"rendered":"http:\/\/radiofenix.com.ar\/gruas-portenas-y-favores-empresariales-entre-las-acusaciones-contra-dalessandro\/"},"modified":"2023-01-06T21:04:03","modified_gmt":"2023-01-06T21:04:03","slug":"gruas-portenas-y-favores-empresariales-entre-las-acusaciones-contra-dalessandro","status":"publish","type":"post","link":"https:\/\/radiofenix.com.ar\/2023\/gruas-portenas-y-favores-empresariales-entre-las-acusaciones-contra-dalessandro\/","title":{"rendered":"Gr\u00faas porte\u00f1as y favores empresariales, entre las acusaciones contra D&#8217;Alessandro"},"content":{"rendered":"<p>Son algunos de los detalles que figuran en la presentaci\u00f3n que realiz\u00f3\u00a0el Gobierno Nacional para que se determine si el funcionario cometi\u00f3 delitos de corrupci\u00f3n vinculados con el acarreo de autom\u00f3viles en la Ciudad de Buenos Aires (CABA), entre otros hechos.Son algunos de los detalles que figuran en la presentaci\u00f3n que realiz\u00f3\u00a0el Gobierno Nacional para que se determine si el funcionario cometi\u00f3 delitos de corrupci\u00f3n vinculados con el acarreo de autom\u00f3viles en la Ciudad de Buenos Aires (CABA), entre otros hechos.<\/p>\n","protected":false},"excerpt":{"rendered":"<p>Son algunos de los detalles que figuran en la presentaci\u00f3n que realiz\u00f3\u00a0el Gobierno Nacional para&#8230;<\/p>\n","protected":false},"author":2,"featured_media":158182,"comment_status":"open","ping_status":"open","sticky":false,"template":"","format":"standard","meta":{"footnotes":""},"categories":[2],"tags":[],"class_list":["post-158181","post","type-post","status-publish","format-standard","has-post-thumbnail","hentry","category-politica"],"featured_image_urls":{"full":"","thumbnail":"","medium":"","medium_large":"","large":"","1536x1536":"","2048x2048":"","newsium-slider-full":"","newsium-featured":"","newsium-medium":""},"author_info":{"info":["c1500921"]},"category_info":"<a href=\"https:\/\/radiofenix.com.ar\/2023\/category\/politica\/\" rel=\"category tag\">Pol\u00edtica<\/a>","tag_info":"Pol\u00edtica","comment_count":"0","_links":{"self":[{"href":"https:\/\/radiofenix.com.ar\/2023\/wp-json\/wp\/v2\/posts\/158181","targetHints":{"allow":["GET"]}}],"collection":[{"href":"https:\/\/radiofenix.com.ar\/2023\/wp-json\/wp\/v2\/posts"}],"about":[{"href":"https:\/\/radiofenix.com.ar\/2023\/wp-json\/wp\/v2\/types\/post"}],"author":[{"embeddable":true,"href":"https:\/\/radiofenix.com.ar\/2023\/wp-json\/wp\/v2\/users\/2"}],"replies":[{"embeddable":true,"href":"https:\/\/radiofenix.com.ar\/2023\/wp-json\/wp\/v2\/comments?post=158181"}],"version-history":[{"count":0,"href":"https:\/\/radiofenix.com.ar\/2023\/wp-json\/wp\/v2\/posts\/158181\/revisions"}],"wp:featuredmedia":[{"embeddable":true,"href":"https:\/\/radiofenix.com.ar\/2023\/wp-json\/"}],"wp:attachment":[{"href":"https:\/\/radiofenix.com.ar\/2023\/wp-json\/wp\/v2\/media?parent=158181"}],"wp:term":[{"taxonomy":"category","embeddable":true,"href":"https:\/\/radiofenix.com.ar\/2023\/wp-json\/wp\/v2\/categories?post=158181"},{"taxonomy":"post_tag","embeddable":true,"href":"https:\/\/radiofenix.com.ar\/2023\/wp-json\/wp\/v2\/tags?post=158181"}],"curies":[{"name":"wp","href":"https:\/\/api.w.org\/{rel}","templated":true}]}}