{"id":158191,"date":"2023-01-06T21:04:07","date_gmt":"2023-01-06T21:04:07","guid":{"rendered":"http:\/\/radiofenix.com.ar\/mascherano-oficializo-la-lista-del-sub-20-de-argentina-para-el-sudamericano\/"},"modified":"2023-01-06T21:04:07","modified_gmt":"2023-01-06T21:04:07","slug":"mascherano-oficializo-la-lista-del-sub-20-de-argentina-para-el-sudamericano","status":"publish","type":"post","link":"https:\/\/radiofenix.com.ar\/2023\/mascherano-oficializo-la-lista-del-sub-20-de-argentina-para-el-sudamericano\/","title":{"rendered":"Mascherano oficializ\u00f3 la lista del Sub-20 de Argentina para el Sudamericano"},"content":{"rendered":"<p>Los nombres m\u00e1s sobresalientes son los de Nicol\u00e1s Paz (Real Madrid), Facundo Buonanotte (Brighton de Inglaterra), y M\u00e1ximo Perrone (de V\u00e9lez y cerca de pasar al Manchester City de Inglaterra).<\/p>\n","protected":false},"excerpt":{"rendered":"<p>Los nombres m\u00e1s sobresalientes son los de Nicol\u00e1s Paz (Real Madrid), Facundo Buonanotte (Brighton de&#8230;<\/p>\n","protected":false},"author":2,"featured_media":158192,"comment_status":"open","ping_status":"open","sticky":false,"template":"","format":"standard","meta":{"footnotes":""},"categories":[3],"tags":[],"class_list":["post-158191","post","type-post","status-publish","format-standard","has-post-thumbnail","hentry","category-deportes"],"featured_image_urls":{"full":"","thumbnail":"","medium":"","medium_large":"","large":"","1536x1536":"","2048x2048":"","newsium-slider-full":"","newsium-featured":"","newsium-medium":""},"author_info":{"info":["c1500921"]},"category_info":"<a href=\"https:\/\/radiofenix.com.ar\/2023\/category\/deportes\/\" rel=\"category tag\">Deportes<\/a>","tag_info":"Deportes","comment_count":"0","_links":{"self":[{"href":"https:\/\/radiofenix.com.ar\/2023\/wp-json\/wp\/v2\/posts\/158191","targetHints":{"allow":["GET"]}}],"collection":[{"href":"https:\/\/radiofenix.com.ar\/2023\/wp-json\/wp\/v2\/posts"}],"about":[{"href":"https:\/\/radiofenix.com.ar\/2023\/wp-json\/wp\/v2\/types\/post"}],"author":[{"embeddable":true,"href":"https:\/\/radiofenix.com.ar\/2023\/wp-json\/wp\/v2\/users\/2"}],"replies":[{"embeddable":true,"href":"https:\/\/radiofenix.com.ar\/2023\/wp-json\/wp\/v2\/comments?post=158191"}],"version-history":[{"count":0,"href":"https:\/\/radiofenix.com.ar\/2023\/wp-json\/wp\/v2\/posts\/158191\/revisions"}],"wp:featuredmedia":[{"embeddable":true,"href":"https:\/\/radiofenix.com.ar\/2023\/wp-json\/"}],"wp:attachment":[{"href":"https:\/\/radiofenix.com.ar\/2023\/wp-json\/wp\/v2\/media?parent=158191"}],"wp:term":[{"taxonomy":"category","embeddable":true,"href":"https:\/\/radiofenix.com.ar\/2023\/wp-json\/wp\/v2\/categories?post=158191"},{"taxonomy":"post_tag","embeddable":true,"href":"https:\/\/radiofenix.com.ar\/2023\/wp-json\/wp\/v2\/tags?post=158191"}],"curies":[{"name":"wp","href":"https:\/\/api.w.org\/{rel}","templated":true}]}}