{"id":158199,"date":"2023-01-06T22:04:39","date_gmt":"2023-01-06T22:04:39","guid":{"rendered":"http:\/\/radiofenix.com.ar\/la-jueza-capuchetti-esta-contratada-por-el-gobierno-de-larreta-desde-2019\/"},"modified":"2023-01-06T22:04:39","modified_gmt":"2023-01-06T22:04:39","slug":"la-jueza-capuchetti-esta-contratada-por-el-gobierno-de-larreta-desde-2019","status":"publish","type":"post","link":"https:\/\/radiofenix.com.ar\/2023\/la-jueza-capuchetti-esta-contratada-por-el-gobierno-de-larreta-desde-2019\/","title":{"rendered":"\u00abLa jueza Capuchetti est\u00e1 contratada por el Gobierno de Larreta desde 2019\u00bb"},"content":{"rendered":"<p>\u00abLos v\u00ednculos econ\u00f3micos y pol\u00edticos entre Comodoro Py y el PRO parecen no tener l\u00edmite alguno\u00bb, afirm\u00f3 el\u00a0ministro de Justicia y Derechos Humanos, Mart\u00edn Soria en redes sociales. La magistrada tiene a cargo la investigaci\u00f3n por el atentado contra Cristina Fern\u00e1ndez.\u00bbLos v\u00ednculos econ\u00f3micos y pol\u00edticos entre Comodoro Py y el PRO parecen no tener l\u00edmite alguno\u00bb, afirm\u00f3 el\u00a0ministro de Justicia y Derechos Humanos, Mart\u00edn Soria en redes sociales. La magistrada tiene a cargo la investigaci\u00f3n por el atentado contra Cristina Fern\u00e1ndez.<\/p>\n","protected":false},"excerpt":{"rendered":"<p>\u00abLos v\u00ednculos econ\u00f3micos y pol\u00edticos entre Comodoro Py y el PRO parecen no tener l\u00edmite&#8230;<\/p>\n","protected":false},"author":2,"featured_media":158200,"comment_status":"open","ping_status":"open","sticky":false,"template":"","format":"standard","meta":{"footnotes":""},"categories":[2],"tags":[],"class_list":["post-158199","post","type-post","status-publish","format-standard","has-post-thumbnail","hentry","category-politica"],"featured_image_urls":{"full":"","thumbnail":"","medium":"","medium_large":"","large":"","1536x1536":"","2048x2048":"","newsium-slider-full":"","newsium-featured":"","newsium-medium":""},"author_info":{"info":["c1500921"]},"category_info":"<a href=\"https:\/\/radiofenix.com.ar\/2023\/category\/politica\/\" rel=\"category tag\">Pol\u00edtica<\/a>","tag_info":"Pol\u00edtica","comment_count":"0","_links":{"self":[{"href":"https:\/\/radiofenix.com.ar\/2023\/wp-json\/wp\/v2\/posts\/158199","targetHints":{"allow":["GET"]}}],"collection":[{"href":"https:\/\/radiofenix.com.ar\/2023\/wp-json\/wp\/v2\/posts"}],"about":[{"href":"https:\/\/radiofenix.com.ar\/2023\/wp-json\/wp\/v2\/types\/post"}],"author":[{"embeddable":true,"href":"https:\/\/radiofenix.com.ar\/2023\/wp-json\/wp\/v2\/users\/2"}],"replies":[{"embeddable":true,"href":"https:\/\/radiofenix.com.ar\/2023\/wp-json\/wp\/v2\/comments?post=158199"}],"version-history":[{"count":0,"href":"https:\/\/radiofenix.com.ar\/2023\/wp-json\/wp\/v2\/posts\/158199\/revisions"}],"wp:featuredmedia":[{"embeddable":true,"href":"https:\/\/radiofenix.com.ar\/2023\/wp-json\/"}],"wp:attachment":[{"href":"https:\/\/radiofenix.com.ar\/2023\/wp-json\/wp\/v2\/media?parent=158199"}],"wp:term":[{"taxonomy":"category","embeddable":true,"href":"https:\/\/radiofenix.com.ar\/2023\/wp-json\/wp\/v2\/categories?post=158199"},{"taxonomy":"post_tag","embeddable":true,"href":"https:\/\/radiofenix.com.ar\/2023\/wp-json\/wp\/v2\/tags?post=158199"}],"curies":[{"name":"wp","href":"https:\/\/api.w.org\/{rel}","templated":true}]}}