{"id":158201,"date":"2023-01-06T22:04:39","date_gmt":"2023-01-06T22:04:39","guid":{"rendered":"http:\/\/radiofenix.com.ar\/el-poder-ejecutivo-debe-gobernar-sin-la-dictadura-de-las-cautelares-y-del-poder-judicial-2\/"},"modified":"2023-01-06T22:04:39","modified_gmt":"2023-01-06T22:04:39","slug":"el-poder-ejecutivo-debe-gobernar-sin-la-dictadura-de-las-cautelares-y-del-poder-judicial-2","status":"publish","type":"post","link":"https:\/\/radiofenix.com.ar\/2023\/el-poder-ejecutivo-debe-gobernar-sin-la-dictadura-de-las-cautelares-y-del-poder-judicial-2\/","title":{"rendered":"\u00abEl Poder Ejecutivo debe gobernar sin la dictadura de las cautelares y del Poder Judicial\u00bb"},"content":{"rendered":"<p>El ministro, en declaraciones que realiz\u00f3 en la localidad bonaerense de Villa Gesell, record\u00f3 que este a\u00f1o Argentina cumplir\u00e1 40 a\u00f1os ininterrumpidos de democracia y que, en ese marco, \u00abalgunos sectores de poder parece que ya est\u00e1n cansados, piensan que 40 a\u00f1os mucho\u00bb.El ministro, en declaraciones que realiz\u00f3 en la localidad bonaerense de Villa Gesell, record\u00f3 que este a\u00f1o Argentina cumplir\u00e1 40 a\u00f1os ininterrumpidos de democracia y que, en ese marco, \u00abalgunos sectores de poder parece que ya est\u00e1n cansados, piensan que 40 a\u00f1os mucho\u00bb.<\/p>\n","protected":false},"excerpt":{"rendered":"<p>El ministro, en declaraciones que realiz\u00f3 en la localidad bonaerense de Villa Gesell, record\u00f3 que&#8230;<\/p>\n","protected":false},"author":2,"featured_media":158202,"comment_status":"open","ping_status":"open","sticky":false,"template":"","format":"standard","meta":{"footnotes":""},"categories":[2],"tags":[],"class_list":["post-158201","post","type-post","status-publish","format-standard","has-post-thumbnail","hentry","category-politica"],"featured_image_urls":{"full":"","thumbnail":"","medium":"","medium_large":"","large":"","1536x1536":"","2048x2048":"","newsium-slider-full":"","newsium-featured":"","newsium-medium":""},"author_info":{"info":["c1500921"]},"category_info":"<a href=\"https:\/\/radiofenix.com.ar\/2023\/category\/politica\/\" rel=\"category tag\">Pol\u00edtica<\/a>","tag_info":"Pol\u00edtica","comment_count":"0","_links":{"self":[{"href":"https:\/\/radiofenix.com.ar\/2023\/wp-json\/wp\/v2\/posts\/158201","targetHints":{"allow":["GET"]}}],"collection":[{"href":"https:\/\/radiofenix.com.ar\/2023\/wp-json\/wp\/v2\/posts"}],"about":[{"href":"https:\/\/radiofenix.com.ar\/2023\/wp-json\/wp\/v2\/types\/post"}],"author":[{"embeddable":true,"href":"https:\/\/radiofenix.com.ar\/2023\/wp-json\/wp\/v2\/users\/2"}],"replies":[{"embeddable":true,"href":"https:\/\/radiofenix.com.ar\/2023\/wp-json\/wp\/v2\/comments?post=158201"}],"version-history":[{"count":0,"href":"https:\/\/radiofenix.com.ar\/2023\/wp-json\/wp\/v2\/posts\/158201\/revisions"}],"wp:featuredmedia":[{"embeddable":true,"href":"https:\/\/radiofenix.com.ar\/2023\/wp-json\/"}],"wp:attachment":[{"href":"https:\/\/radiofenix.com.ar\/2023\/wp-json\/wp\/v2\/media?parent=158201"}],"wp:term":[{"taxonomy":"category","embeddable":true,"href":"https:\/\/radiofenix.com.ar\/2023\/wp-json\/wp\/v2\/categories?post=158201"},{"taxonomy":"post_tag","embeddable":true,"href":"https:\/\/radiofenix.com.ar\/2023\/wp-json\/wp\/v2\/tags?post=158201"}],"curies":[{"name":"wp","href":"https:\/\/api.w.org\/{rel}","templated":true}]}}