{"id":158205,"date":"2023-01-06T21:51:00","date_gmt":"2023-01-06T21:51:00","guid":{"rendered":"http:\/\/radiofenix.com.ar\/el-precio-de-la-carne-se-desacelero-y-la-suba-es-30-puntos-menor-a-la-inflacion-general\/"},"modified":"2023-01-06T21:51:00","modified_gmt":"2023-01-06T21:51:00","slug":"el-precio-de-la-carne-se-desacelero-y-la-suba-es-30-puntos-menor-a-la-inflacion-general","status":"publish","type":"post","link":"https:\/\/radiofenix.com.ar\/2023\/el-precio-de-la-carne-se-desacelero-y-la-suba-es-30-puntos-menor-a-la-inflacion-general\/","title":{"rendered":"El precio de la carne se desaceler\u00f3 y la suba es 30 puntos menor a la inflaci\u00f3n general"},"content":{"rendered":"<p>De acuerdo con un informe macroecon\u00f3mico de la asociaci\u00f3n de empresarios agropecuarios CREA, el precio de la carne vacuna \u00abdesde abril se encuentra retras\u00e1ndose fuertemente respecto a la inflaci\u00f3n; el rubro carnes aument\u00f3 solo 0,9% mensual en noviembre y, en el a\u00f1o, acumul\u00f3 una suba de 57,6%, casi 30 puntos por debajo de la inflaci\u00f3n general del 85,3%\u00bb.<\/p>\n","protected":false},"excerpt":{"rendered":"<p>De acuerdo con un informe macroecon\u00f3mico de la asociaci\u00f3n de empresarios agropecuarios CREA, el precio&#8230;<\/p>\n","protected":false},"author":2,"featured_media":158206,"comment_status":"open","ping_status":"open","sticky":false,"template":"","format":"standard","meta":{"footnotes":""},"categories":[5],"tags":[],"class_list":["post-158205","post","type-post","status-publish","format-standard","has-post-thumbnail","hentry","category-economia"],"featured_image_urls":{"full":"","thumbnail":"","medium":"","medium_large":"","large":"","1536x1536":"","2048x2048":"","newsium-slider-full":"","newsium-featured":"","newsium-medium":""},"author_info":{"info":["c1500921"]},"category_info":"<a href=\"https:\/\/radiofenix.com.ar\/2023\/category\/economia\/\" rel=\"category tag\">Economia<\/a>","tag_info":"Economia","comment_count":"0","_links":{"self":[{"href":"https:\/\/radiofenix.com.ar\/2023\/wp-json\/wp\/v2\/posts\/158205","targetHints":{"allow":["GET"]}}],"collection":[{"href":"https:\/\/radiofenix.com.ar\/2023\/wp-json\/wp\/v2\/posts"}],"about":[{"href":"https:\/\/radiofenix.com.ar\/2023\/wp-json\/wp\/v2\/types\/post"}],"author":[{"embeddable":true,"href":"https:\/\/radiofenix.com.ar\/2023\/wp-json\/wp\/v2\/users\/2"}],"replies":[{"embeddable":true,"href":"https:\/\/radiofenix.com.ar\/2023\/wp-json\/wp\/v2\/comments?post=158205"}],"version-history":[{"count":0,"href":"https:\/\/radiofenix.com.ar\/2023\/wp-json\/wp\/v2\/posts\/158205\/revisions"}],"wp:featuredmedia":[{"embeddable":true,"href":"https:\/\/radiofenix.com.ar\/2023\/wp-json\/"}],"wp:attachment":[{"href":"https:\/\/radiofenix.com.ar\/2023\/wp-json\/wp\/v2\/media?parent=158205"}],"wp:term":[{"taxonomy":"category","embeddable":true,"href":"https:\/\/radiofenix.com.ar\/2023\/wp-json\/wp\/v2\/categories?post=158205"},{"taxonomy":"post_tag","embeddable":true,"href":"https:\/\/radiofenix.com.ar\/2023\/wp-json\/wp\/v2\/tags?post=158205"}],"curies":[{"name":"wp","href":"https:\/\/api.w.org\/{rel}","templated":true}]}}